
{"id":132314,"date":"2020-03-11T20:11:34","date_gmt":"2020-03-11T23:11:34","guid":{"rendered":"http:\/\/www.politicosdosuldabahia.com.br\/v1\/?p=132314"},"modified":"2020-03-11T20:11:34","modified_gmt":"2020-03-11T23:11:34","slug":"lider-da-oposicao-sandro-regis-condena-atraso-de-andamento-da-ponte-salvador-itaparica-falta-de-planejamento","status":"publish","type":"post","link":"https:\/\/www.politicosdosuldabahia.com.br\/v1\/2020\/03\/11\/lider-da-oposicao-sandro-regis-condena-atraso-de-andamento-da-ponte-salvador-itaparica-falta-de-planejamento\/","title":{"rendered":"L\u00cdDER DA OPOSI\u00c7\u00c3O, SANDRO R\u00c9GIS CONDENA ATRASO DE ANDAMENTO DA PONTE SALVADOR-ITAPARICA: \u2018FALTA DE PLANEJAMENTO\u2019"},"content":{"rendered":"<h3 style=\"text-align: justify\"><img loading=\"lazy\" decoding=\"async\" class=\"aligncenter wp-image-132315\" src=\"http:\/\/www.politicosdosuldabahia.com.br\/v1\/wp-content\/uploads\/2020\/03\/Sandro-R\u00e9gis-e1553096775918-800x450-800x450-300x169.jpg\" alt=\"Sandro-R\u00e9gis-e1553096775918-800x450-800x450\" width=\"455\" height=\"256\" srcset=\"https:\/\/www.politicosdosuldabahia.com.br\/v1\/wp-content\/uploads\/2020\/03\/Sandro-R\u00e9gis-e1553096775918-800x450-800x450-300x169.jpg 300w, https:\/\/www.politicosdosuldabahia.com.br\/v1\/wp-content\/uploads\/2020\/03\/Sandro-R\u00e9gis-e1553096775918-800x450-800x450-768x432.jpg 768w, https:\/\/www.politicosdosuldabahia.com.br\/v1\/wp-content\/uploads\/2020\/03\/Sandro-R\u00e9gis-e1553096775918-800x450-800x450.jpg 800w\" sizes=\"(max-width: 455px) 100vw, 455px\" \/><\/h3>\n<h3 style=\"text-align: justify\">O novo l\u00edder da oposi\u00e7\u00e3o na Assembleia Legislativa da Bahia (AL-BA), deputado estadual Sandro R\u00e9gis (Democratas), afirmou, ao ser procurado pelo site\u00a0<a href=\"https:\/\/politicalivre.com.br\/2020\/03\/lider-da-oposicao-sandro-regis-condena-atraso-de-andamento-da-ponte-salvador-itaparica-falta-de-planejamento\/\" target=\"_blank\" rel=\"noopener\"><strong>Pol\u00edtica Livre<\/strong><\/a>\u00a0nesta quarta-feira (11), que \u201cfalta transpar\u00eancia\u201d por parte do Governo do Estado a respeito do andamento da Ponte Salvador-Itaparica.<\/h3>\n<h3 style=\"text-align: justify\">Segundo o democrata, os parlamentares \u201cn\u00e3o t\u00eam informa\u00e7\u00f5es sobre o que realmente est\u00e1 acontecendo\u201d. Nesta semana, por exemplo, a Secretaria de Infraestrutura da Bahia\u00a0negou que os empres\u00e1rios chineses teriam desistido\u00a0de tocar o projeto.<\/h3>\n<h3 style=\"text-align: justify\">\u201cFalta transpar\u00eancia sobre esse atraso envolvendo o governo e o cons\u00f3rcio chin\u00eas. N\u00f3s, parlamentares, n\u00e3o temos informa\u00e7\u00f5es sobre o que realmente est\u00e1 acontecendo. O governo ainda n\u00e3o explicou, por exemplo, de onde vai tirar R$ 1,5 bilh\u00e3o referente \u00e0 contrapartida do estado para aplicar na obra. Al\u00e9m disso, n\u00e3o sabemos como est\u00e3o as licen\u00e7as. O governo j\u00e1 conseguiu todas as licen\u00e7as necess\u00e1rias? E quanto ao cronograma de obras e aos estudos de impactos ambientais e sociais?\u201d, questionou R\u00e9gis.<\/h3>\n<h3 style=\"text-align: justify\">\u201cAcredito que o projeto precisa ser detalhadamente apresentado \u00e0 sociedade. Esse atraso da assinatura do contrato me parece muito mais falta de planejamento, de organiza\u00e7\u00e3o. Se diz nos bastidores que os chineses querem que o governo garanta os recursos para o in\u00edcio das obras, mas sabemos que as contas do estado est\u00e3o sufocadas. Enfim, o governo precisa vir a p\u00fablico explicar para a popula\u00e7\u00e3o o que est\u00e1 acontecendo\u201d, pontuou, \u00e0 reportagem.<\/h3>\n","protected":false},"excerpt":{"rendered":"<p>O novo l\u00edder da oposi\u00e7\u00e3o na Assembleia Legislativa da Bahia (AL-BA), deputado estadual Sandro R\u00e9gis (Democratas), afirmou, ao ser procurado pelo site\u00a0Pol\u00edtica Livre\u00a0nesta quarta-feira (11), que \u201cfalta transpar\u00eancia\u201d por parte do Governo do Estado a respeito do andamento da Ponte Salvador-Itaparica. Segundo o democrata, os parlamentares \u201cn\u00e3o t\u00eam informa\u00e7\u00f5es sobre o que realmente est\u00e1 acontecendo\u201d. [&hellip;]<\/p>\n","protected":false},"author":992,"featured_media":0,"comment_status":"open","ping_status":"open","sticky":false,"template":"","format":"standard","meta":{"footnotes":"","_links_to":"","_links_to_target":""},"categories":[14],"tags":[],"class_list":["post-132314","post","type-post","status-publish","format-standard","hentry","category-bahia-geral"],"views":878,"_links":{"self":[{"href":"https:\/\/www.politicosdosuldabahia.com.br\/v1\/wp-json\/wp\/v2\/posts\/132314"}],"collection":[{"href":"https:\/\/www.politicosdosuldabahia.com.br\/v1\/wp-json\/wp\/v2\/posts"}],"about":[{"href":"https:\/\/www.politicosdosuldabahia.com.br\/v1\/wp-json\/wp\/v2\/types\/post"}],"author":[{"embeddable":true,"href":"https:\/\/www.politicosdosuldabahia.com.br\/v1\/wp-json\/wp\/v2\/users\/992"}],"replies":[{"embeddable":true,"href":"https:\/\/www.politicosdosuldabahia.com.br\/v1\/wp-json\/wp\/v2\/comments?post=132314"}],"version-history":[{"count":1,"href":"https:\/\/www.politicosdosuldabahia.com.br\/v1\/wp-json\/wp\/v2\/posts\/132314\/revisions"}],"predecessor-version":[{"id":132316,"href":"https:\/\/www.politicosdosuldabahia.com.br\/v1\/wp-json\/wp\/v2\/posts\/132314\/revisions\/132316"}],"wp:attachment":[{"href":"https:\/\/www.politicosdosuldabahia.com.br\/v1\/wp-json\/wp\/v2\/media?parent=132314"}],"wp:term":[{"taxonomy":"category","embeddable":true,"href":"https:\/\/www.politicosdosuldabahia.com.br\/v1\/wp-json\/wp\/v2\/categories?post=132314"},{"taxonomy":"post_tag","embeddable":true,"href":"https:\/\/www.politicosdosuldabahia.com.br\/v1\/wp-json\/wp\/v2\/tags?post=132314"}],"curies":[{"name":"wp","href":"https:\/\/api.w.org\/{rel}","templated":true}]}}