
{"id":132308,"date":"2020-03-11T19:22:16","date_gmt":"2020-03-11T22:22:16","guid":{"rendered":"http:\/\/www.politicosdosuldabahia.com.br\/v1\/?p=132308"},"modified":"2020-03-11T19:22:16","modified_gmt":"2020-03-11T22:22:16","slug":"itacare-homem-com-coronavirus-esteve-hospedado-no-txai-resort","status":"publish","type":"post","link":"https:\/\/www.politicosdosuldabahia.com.br\/v1\/2020\/03\/11\/itacare-homem-com-coronavirus-esteve-hospedado-no-txai-resort\/","title":{"rendered":"ITACAR\u00c9: HOMEM COM CORONAVIR\u00daS ESTEVE HOSPEDADO NO TXAI RESORT"},"content":{"rendered":"<p><a href=\"http:\/\/www.politicosdosuldabahia.com.br\/v1\/2019\/08\/30\/itacare-realizara-oficinas-de-diagnostico-do-plano-de-saneamento-basico\/itacare-2-4\/\" rel=\"attachment wp-att-124672\"><img loading=\"lazy\" decoding=\"async\" class=\"aligncenter size-full wp-image-124672\" src=\"http:\/\/www.politicosdosuldabahia.com.br\/v1\/wp-content\/uploads\/2019\/08\/Itacare-2-1.jpg\" alt=\"Itacare 2\" width=\"400\" height=\"263\" srcset=\"https:\/\/www.politicosdosuldabahia.com.br\/v1\/wp-content\/uploads\/2019\/08\/Itacare-2-1.jpg 400w, https:\/\/www.politicosdosuldabahia.com.br\/v1\/wp-content\/uploads\/2019\/08\/Itacare-2-1-300x197.jpg 300w\" sizes=\"(max-width: 400px) 100vw, 400px\" \/><\/a><\/p>\n<h3 style=\"text-align: justify;\">Nesta quarta-feira a dire\u00e7\u00e3o da Txai Resort divulgou uma nota informando que um paciente com Coronavirus esteve hospedado na unidade de Itacar\u00e9.<\/h3>\n<h3 style=\"text-align: justify;\">Foi um paulistano de 26 anos que esteve no hotel no \u00faltimo final de semana. Ele esteve nos Estados Unidos no feriado de carnaval e apresentou os sintomas assim que chegou no hotel. O exame deu positivo.<\/h3>\n<h3 style=\"text-align: justify;\">A dire\u00e7\u00e3o do hotel pediu para os hospedes que estiveram no hotel no \u00faltimo final de semana avisem sobre diagnostico positivo para o coronavirus.<\/h3>\n<h3 style=\"text-align: justify;\">O blog manteve contato com a assessoria de comunica\u00e7\u00e3o do hotel, que confirmou o comunicado oficial.<\/h3>\n<p><a href=\"http:\/\/www.politicosdosuldabahia.com.br\/v1\/2020\/03\/11\/itacare-homem-com-coronavirus-esteve-hospedado-no-txai-resort\/virus\/\" rel=\"attachment wp-att-132309\"><img loading=\"lazy\" decoding=\"async\" class=\"aligncenter size-full wp-image-132309\" src=\"http:\/\/www.politicosdosuldabahia.com.br\/v1\/wp-content\/uploads\/2020\/03\/virus.jpg\" alt=\"virus\" width=\"540\" height=\"960\" srcset=\"https:\/\/www.politicosdosuldabahia.com.br\/v1\/wp-content\/uploads\/2020\/03\/virus.jpg 540w, https:\/\/www.politicosdosuldabahia.com.br\/v1\/wp-content\/uploads\/2020\/03\/virus-169x300.jpg 169w\" sizes=\"(max-width: 540px) 100vw, 540px\" \/><\/a><\/p>\n","protected":false},"excerpt":{"rendered":"<p>Nesta quarta-feira a dire\u00e7\u00e3o da Txai Resort divulgou uma nota informando que um paciente com Coronavirus esteve hospedado na unidade de Itacar\u00e9. Foi um paulistano de 26 anos que esteve no hotel no \u00faltimo final de semana. Ele esteve nos Estados Unidos no feriado de carnaval e apresentou os sintomas assim que chegou no hotel. [&hellip;]<\/p>\n","protected":false},"author":2,"featured_media":0,"comment_status":"open","ping_status":"open","sticky":false,"template":"","format":"standard","meta":{"footnotes":"","_links_to":"","_links_to_target":""},"categories":[1],"tags":[],"class_list":["post-132308","post","type-post","status-publish","format-standard","hentry","category-geral"],"views":3096,"_links":{"self":[{"href":"https:\/\/www.politicosdosuldabahia.com.br\/v1\/wp-json\/wp\/v2\/posts\/132308"}],"collection":[{"href":"https:\/\/www.politicosdosuldabahia.com.br\/v1\/wp-json\/wp\/v2\/posts"}],"about":[{"href":"https:\/\/www.politicosdosuldabahia.com.br\/v1\/wp-json\/wp\/v2\/types\/post"}],"author":[{"embeddable":true,"href":"https:\/\/www.politicosdosuldabahia.com.br\/v1\/wp-json\/wp\/v2\/users\/2"}],"replies":[{"embeddable":true,"href":"https:\/\/www.politicosdosuldabahia.com.br\/v1\/wp-json\/wp\/v2\/comments?post=132308"}],"version-history":[{"count":2,"href":"https:\/\/www.politicosdosuldabahia.com.br\/v1\/wp-json\/wp\/v2\/posts\/132308\/revisions"}],"predecessor-version":[{"id":132311,"href":"https:\/\/www.politicosdosuldabahia.com.br\/v1\/wp-json\/wp\/v2\/posts\/132308\/revisions\/132311"}],"wp:attachment":[{"href":"https:\/\/www.politicosdosuldabahia.com.br\/v1\/wp-json\/wp\/v2\/media?parent=132308"}],"wp:term":[{"taxonomy":"category","embeddable":true,"href":"https:\/\/www.politicosdosuldabahia.com.br\/v1\/wp-json\/wp\/v2\/categories?post=132308"},{"taxonomy":"post_tag","embeddable":true,"href":"https:\/\/www.politicosdosuldabahia.com.br\/v1\/wp-json\/wp\/v2\/tags?post=132308"}],"curies":[{"name":"wp","href":"https:\/\/api.w.org\/{rel}","templated":true}]}}