
{"id":131458,"date":"2020-02-19T17:00:06","date_gmt":"2020-02-19T20:00:06","guid":{"rendered":"http:\/\/www.politicosdosuldabahia.com.br\/v1\/?p=131458"},"modified":"2020-02-19T17:01:08","modified_gmt":"2020-02-19T20:01:08","slug":"secti-debate-implantacao-da-agencia-de-desenvolvimento-regional-do-sul-da-bahia","status":"publish","type":"post","link":"https:\/\/www.politicosdosuldabahia.com.br\/v1\/2020\/02\/19\/secti-debate-implantacao-da-agencia-de-desenvolvimento-regional-do-sul-da-bahia\/","title":{"rendered":"SECTI DEBATE IMPLANTA\u00c7\u00c3O DA AG\u00caNCIA DE DESENVOLVIMENTO REGIONAL DO SUL DA BAHIA"},"content":{"rendered":"<p><img loading=\"lazy\" decoding=\"async\" class=\"aligncenter wp-image-131459\" src=\"http:\/\/www.politicosdosuldabahia.com.br\/v1\/wp-content\/uploads\/2020\/02\/WhatsApp-Image-2020-02-19-at-16.51.48-300x244.jpeg\" alt=\"WhatsApp Image 2020-02-19 at 16.51.48\" width=\"455\" height=\"370\" srcset=\"https:\/\/www.politicosdosuldabahia.com.br\/v1\/wp-content\/uploads\/2020\/02\/WhatsApp-Image-2020-02-19-at-16.51.48-300x244.jpeg 300w, https:\/\/www.politicosdosuldabahia.com.br\/v1\/wp-content\/uploads\/2020\/02\/WhatsApp-Image-2020-02-19-at-16.51.48-768x624.jpeg 768w, https:\/\/www.politicosdosuldabahia.com.br\/v1\/wp-content\/uploads\/2020\/02\/WhatsApp-Image-2020-02-19-at-16.51.48-1024x832.jpeg 1024w, https:\/\/www.politicosdosuldabahia.com.br\/v1\/wp-content\/uploads\/2020\/02\/WhatsApp-Image-2020-02-19-at-16.51.48.jpeg 1218w\" sizes=\"(max-width: 455px) 100vw, 455px\" \/><\/p>\n<h4 style=\"text-align: center\"><strong><em>Representantes do ecossistema local foram recebidos pela secret\u00e1ria Ad\u00e9lia Pinheiro<\/em><\/strong><\/h4>\n<h3 style=\"text-align: justify\">A implementa\u00e7\u00e3o da Ag\u00eancia de Desenvolvimento Regional do Sul da Bahia foi tema de debate em uma reuni\u00e3o, nesta ter\u00e7a-feira (18), na sede da Secretaria de Ci\u00eancia, Tecnologia e Inova\u00e7\u00e3o (Secti). Na ocasi\u00e3o, a secret\u00e1ria Ad\u00e9lia Pinheiro dialogou com representantes do ecossistema local, como o diretor do Instituto Arapyau, Ricardo Gomes, o representante da World Resources Institute Bahia (WRI) e consultor do Instituto Arapyau, Miguel Calmon, o professor Gesil Amarante e Cristiano Vilela, do Parque Tecnol\u00f3gico do Sul.<\/h3>\n<h3 style=\"text-align: justify\">A iniciativa de implementar a ag\u00eancia teve in\u00edcio h\u00e1 2 anos, atrav\u00e9s de uma investida do Servi\u00e7o Brasileiro de Apoio \u00e0s Micro e Pequenas Empresas (Sebrae), do Instituto Arapyau, e da Universidade Estadual de Santa Cruz (Uesc), sob a lideran\u00e7a da ent\u00e3o reitora Ad\u00e9lia Pinheiro. Junto a representantes de seis munic\u00edpios &#8211; Itacar\u00e9, Uru\u00e7uca, Ilh\u00e9us, Itabuna, Una e Canavieiras \u2013 foi criado o projeto Sul da Bahia Global, para impulsionar a regi\u00e3o. O grupo selecionou quatro eixos priorit\u00e1rios: educa\u00e7\u00e3o, economia, meio ambiente e paisagem e infraestrutura.<\/h3>\n<h3 style=\"text-align: justify\">A reuni\u00e3o teve o objetivo de estruturar os pr\u00f3ximos passos. Um deles ser\u00e1 eleger o secret\u00e1rio executivo do projeto e articular parcerias com o Parque Tecnol\u00f3gico da Bahia para atender as demandas do Sul. Ricardo Gomes afirma que o objetivo \u00e9 construir uma vis\u00e3o de futuro com bases sustent\u00e1veis.\u00a0 \u201cQueremos estabelecer uma agenda para o desenvolvimento da regi\u00e3o, a fim de gerar recursos e criar projetos para alavancar o Sul\u201d, disse, ao reiterar a import\u00e2ncia das parcerias. \u201cA Secti \u00e9 uma aliada essencial pelo poder de lideran\u00e7a que possui e a capacidade de unir o ecossistema de inova\u00e7\u00e3o, como a academia, os institutos de pesquisa, o poder p\u00fablico, a organiza\u00e7\u00e3o civil, dentre outros. Dessa forma, h\u00e1 uma \u00f3tima oportunidade de atrair benef\u00edcios para a regi\u00e3o\u201d.<\/h3>\n<h3 style=\"text-align: justify\">Entusiasta do projeto, a secret\u00e1ria Ad\u00e9lia Pinheiro acredita que \u00e9 um momento marcante, pois este movimento de interioriza\u00e7\u00e3o j\u00e1 faz parte dos princ\u00edpios da gest\u00e3o da Secti. \u201c\u00c9 importante olharmos para os mais diversos munic\u00edpios do Estado e entender suas demandas, al\u00e9m de observar oportunidades de desenvolvimento que podem gerar renda e emprego, beneficiando a Bahia desde a capital at\u00e9 o interior\u201d, destaca.<\/h3>\n","protected":false},"excerpt":{"rendered":"<p>Representantes do ecossistema local foram recebidos pela secret\u00e1ria Ad\u00e9lia Pinheiro A implementa\u00e7\u00e3o da Ag\u00eancia de Desenvolvimento Regional do Sul da Bahia foi tema de debate em uma reuni\u00e3o, nesta ter\u00e7a-feira (18), na sede da Secretaria de Ci\u00eancia, Tecnologia e Inova\u00e7\u00e3o (Secti). Na ocasi\u00e3o, a secret\u00e1ria Ad\u00e9lia Pinheiro dialogou com representantes do ecossistema local, como o [&hellip;]<\/p>\n","protected":false},"author":992,"featured_media":0,"comment_status":"open","ping_status":"open","sticky":false,"template":"","format":"standard","meta":{"footnotes":"","_links_to":"","_links_to_target":""},"categories":[14],"tags":[],"class_list":["post-131458","post","type-post","status-publish","format-standard","hentry","category-bahia-geral"],"views":857,"_links":{"self":[{"href":"https:\/\/www.politicosdosuldabahia.com.br\/v1\/wp-json\/wp\/v2\/posts\/131458"}],"collection":[{"href":"https:\/\/www.politicosdosuldabahia.com.br\/v1\/wp-json\/wp\/v2\/posts"}],"about":[{"href":"https:\/\/www.politicosdosuldabahia.com.br\/v1\/wp-json\/wp\/v2\/types\/post"}],"author":[{"embeddable":true,"href":"https:\/\/www.politicosdosuldabahia.com.br\/v1\/wp-json\/wp\/v2\/users\/992"}],"replies":[{"embeddable":true,"href":"https:\/\/www.politicosdosuldabahia.com.br\/v1\/wp-json\/wp\/v2\/comments?post=131458"}],"version-history":[{"count":2,"href":"https:\/\/www.politicosdosuldabahia.com.br\/v1\/wp-json\/wp\/v2\/posts\/131458\/revisions"}],"predecessor-version":[{"id":131462,"href":"https:\/\/www.politicosdosuldabahia.com.br\/v1\/wp-json\/wp\/v2\/posts\/131458\/revisions\/131462"}],"wp:attachment":[{"href":"https:\/\/www.politicosdosuldabahia.com.br\/v1\/wp-json\/wp\/v2\/media?parent=131458"}],"wp:term":[{"taxonomy":"category","embeddable":true,"href":"https:\/\/www.politicosdosuldabahia.com.br\/v1\/wp-json\/wp\/v2\/categories?post=131458"},{"taxonomy":"post_tag","embeddable":true,"href":"https:\/\/www.politicosdosuldabahia.com.br\/v1\/wp-json\/wp\/v2\/tags?post=131458"}],"curies":[{"name":"wp","href":"https:\/\/api.w.org\/{rel}","templated":true}]}}