
{"id":131246,"date":"2020-02-14T21:58:10","date_gmt":"2020-02-15T00:58:10","guid":{"rendered":"http:\/\/www.politicosdosuldabahia.com.br\/v1\/?p=131246"},"modified":"2020-02-14T21:58:10","modified_gmt":"2020-02-15T00:58:10","slug":"encontro-fortalece-articulacao-entre-estado-e-municipios-para-formacao-continuada","status":"publish","type":"post","link":"https:\/\/www.politicosdosuldabahia.com.br\/v1\/2020\/02\/14\/encontro-fortalece-articulacao-entre-estado-e-municipios-para-formacao-continuada\/","title":{"rendered":"ENCONTRO FORTALECE ARTICULA\u00c7\u00c3O ENTRE ESTADO E MUNIC\u00cdPIOS PARA FORMA\u00c7\u00c3O CONTINUADA"},"content":{"rendered":"<p>&nbsp;<\/p>\n<h3 style=\"text-align: justify\"><img loading=\"lazy\" decoding=\"async\" class=\"aligncenter wp-image-131247\" src=\"http:\/\/www.politicosdosuldabahia.com.br\/v1\/wp-content\/uploads\/2020\/02\/DSC_9331-300x199.jpg\" alt=\"DSC_9331\" width=\"455\" height=\"302\" srcset=\"https:\/\/www.politicosdosuldabahia.com.br\/v1\/wp-content\/uploads\/2020\/02\/DSC_9331-300x199.jpg 300w, https:\/\/www.politicosdosuldabahia.com.br\/v1\/wp-content\/uploads\/2020\/02\/DSC_9331.jpg 500w\" sizes=\"(max-width: 455px) 100vw, 455px\" \/><\/h3>\n<h3 style=\"text-align: justify\">A proposta de Forma\u00e7\u00e3o Continuada Territorial, em regime de colabora\u00e7\u00e3o com os munic\u00edpios, foi apresentada nesta sexta-feira (14), durante encontro que reuniu\u00a0dirigentes da Secretaria da Educa\u00e7\u00e3o do Estado da Bahia (SEC), da Funda\u00e7\u00e3o Ita\u00fa Social (FIS), da Uni\u00e3o Nacional dos Dirigentes Municipais de Educa\u00e7\u00e3o (Undime) e da Uni\u00e3o dos Munic\u00edpios da Bahia (UPB),\u00a0al\u00e9m\u00a0de representa\u00e7\u00f5es\u00a0das universidades estaduais. Na ocasi\u00e3o, o secret\u00e1rio Jer\u00f4nimo Rodrigues assinou o Termo de Coopera\u00e7\u00e3o T\u00e9cnica entre a SEC e a Funda\u00e7\u00e3o Ita\u00fa Social (FIS).<\/h3>\n<h3 style=\"text-align: justify\">Apresentada pela diretora geral do Instituto An\u00edsio Teixeira (SEC\/IAT), Cybele Amado de Oliveira, a proposta da forma\u00e7\u00e3o traz um arranjo que envolve a Secretaria da Educa\u00e7\u00e3o do Estado, as Secretarias Municipais de Educa\u00e7\u00e3o, as Universidades Estaduais e \u00f3rg\u00e3os como a Undime e a UPB. \u201cEste \u00e9 um arranjo que traz a soma de esfor\u00e7os para a forma\u00e7\u00e3o continuada de coordenadores pedag\u00f3gicos, diretores escolares e equipes t\u00e9cnicas dos munic\u00edpios e dos N\u00facleos Territoriais de Educa\u00e7\u00e3o, que acontecer\u00e1 nos 27 Territ\u00f3rios de Identidade\u201d, explicou a gestora, lembrando que a Forma\u00e7\u00e3o alcan\u00e7ar\u00e1 cerca de 6,7 mil profissionais da educa\u00e7\u00e3o e ter\u00e1 in\u00edcio em mar\u00e7o deste ano.<\/h3>\n<h3 style=\"text-align: justify\">\u201cEsta \u00e9 a fotografia mais clara do regime de colabora\u00e7\u00e3o. Temos a participa\u00e7\u00e3o da Undime, UPB, das universidades e parceiros como a Funda\u00e7\u00e3o Ita\u00fa Social. N\u00e3o podemos pensar em fazer educa\u00e7\u00e3o sozinhos. Existe uma parte dos estudantes, aqueles do 6\u00ba ao 9\u00ba ano que precisam de uma aten\u00e7\u00e3o especial e n\u00f3s, juntos, podemos cuidar deles, pensando na forma\u00e7\u00e3o dos profissionais e no material did\u00e1tico. N\u00e3o podemos deixar que os munic\u00edpios arquem sozinhos. Este arranjo \u00e9 fruto de uma constru\u00e7\u00e3o das nossas equipes com os parceiros, juntos vamos pensar nas metas e produtos para fortalecer a aprendizagem no Estado\u201d, afirmou o secret\u00e1rio.<\/h3>\n<h3 style=\"text-align: justify\">Jer\u00f4nimo tamb\u00e9m destacou o papel da Funda\u00e7\u00e3o Ita\u00fa Social. \u201c\u00c9 um parceiro que tem uma expertise grande e vai contribuir muito, com co-financiamento, colaborando nos processos, no monitoramento\u201d, completou. A FIS tamb\u00e9m ir\u00e1 realizar o monitoramento e avalia\u00e7\u00e3o da forma\u00e7\u00e3o, contribuir com o desenvolvimento de tecnologias educacionais, entre outros compromissos.<\/h3>\n<h3 style=\"text-align: justify\">A superintendente da FIS, Angela Danneman, pontuou que o arranjo proposto pela Secretaria da Educa\u00e7\u00e3o \u00e9 inovador. \u201cN\u00f3s j\u00e1 apoiamos outras experi\u00eancias de regime de colabora\u00e7\u00e3o, mas esta \u00e9 inovadora, porque traz outras organiza\u00e7\u00f5es, como as universidades, a Undime, UPB e os munic\u00edpios. Vamos poder desenvolver um trabalho articulado do Estado com os munic\u00edpios, mas tamb\u00e9m das universidades com as escolas, numa etapa preciosa que \u00e9 o Fundamental II. Por isso esta \u00e9 uma inova\u00e7\u00e3o corajosa, tenho certeza que esta uni\u00e3o produzir\u00e1 bons resultados ao longo destes tr\u00eas anos\u201d.<\/h3>\n<h3 style=\"text-align: justify\">\u201cFico muito feliz. O IAT \u00e9 um grande \u00f3rg\u00e3o formador e esta parceria traz uma proposta inovadora que busca atender a necessidade dos munic\u00edpios, que \u00e9 a forma\u00e7\u00e3o dos nossos profissionais da educa\u00e7\u00e3o\u201d, comemorou o presidente da UPB, Eures Ribeiro. Prefeito de Santana, Marco Cardoso (Marc\u00e3o), parabenizou o secret\u00e1rio Jer\u00f4nimo pelo di\u00e1logo com as redes municipais. \u201cTodos devemos andar juntos. Quando fui secret\u00e1rio municipal em 1993, t\u00ednhamos muita dificuldade para conversar com as escolas estaduais. Muito bom participar deste momento\u201d, celebrou.<\/h3>\n<h3 style=\"text-align: justify\">J\u00e1 o presidente da Undime, Williams Panfile comemorou a articula\u00e7\u00e3o com os munic\u00edpios. \u201cEste encontro concretiza um sonho, de termos a forma\u00e7\u00e3o para nossos educadores e equipes t\u00e9cnicas nos munic\u00edpios. \u00c9 um momento importante para a educa\u00e7\u00e3o da Bahia e que ir\u00e1 fortalecer a educa\u00e7\u00e3o em nosso Estado\u201d.<\/h3>\n<h3 style=\"text-align: justify\">Representando o F\u00f3rum de Reitores das Universidades Estaduais da Bahia, o reitor da Universidade do Estado da Bahia (Uneb), Jos\u00e9 Bites, destacou a import\u00e2ncia do trabalho conjunto entre Estado e munic\u00edpios e a cria\u00e7\u00e3o dos Centros Territoriais de Forma\u00e7\u00e3o Continuada. \u201cA universidade deve estar \u00e0 disposi\u00e7\u00e3o e procurado interagir com todas as inst\u00e2ncias, buscando contribuir com este processo de avan\u00e7o na forma\u00e7\u00e3o dos profissionais. Acredito que o modelo dos Centros Territoriais de Forma\u00e7\u00e3o, propostos nesta apresenta\u00e7\u00e3o, \u00e9 bastante assertiva\u201d, disse.<\/h3>\n<p>&nbsp;<\/p>\n","protected":false},"excerpt":{"rendered":"<p>&nbsp; A proposta de Forma\u00e7\u00e3o Continuada Territorial, em regime de colabora\u00e7\u00e3o com os munic\u00edpios, foi apresentada nesta sexta-feira (14), durante encontro que reuniu\u00a0dirigentes da Secretaria da Educa\u00e7\u00e3o do Estado da Bahia (SEC), da Funda\u00e7\u00e3o Ita\u00fa Social (FIS), da Uni\u00e3o Nacional dos Dirigentes Municipais de Educa\u00e7\u00e3o (Undime) e da Uni\u00e3o dos Munic\u00edpios da Bahia (UPB),\u00a0al\u00e9m\u00a0de representa\u00e7\u00f5es\u00a0das [&hellip;]<\/p>\n","protected":false},"author":992,"featured_media":0,"comment_status":"open","ping_status":"open","sticky":false,"template":"","format":"standard","meta":{"footnotes":"","_links_to":"","_links_to_target":""},"categories":[14],"tags":[],"class_list":["post-131246","post","type-post","status-publish","format-standard","hentry","category-bahia-geral"],"views":757,"_links":{"self":[{"href":"https:\/\/www.politicosdosuldabahia.com.br\/v1\/wp-json\/wp\/v2\/posts\/131246"}],"collection":[{"href":"https:\/\/www.politicosdosuldabahia.com.br\/v1\/wp-json\/wp\/v2\/posts"}],"about":[{"href":"https:\/\/www.politicosdosuldabahia.com.br\/v1\/wp-json\/wp\/v2\/types\/post"}],"author":[{"embeddable":true,"href":"https:\/\/www.politicosdosuldabahia.com.br\/v1\/wp-json\/wp\/v2\/users\/992"}],"replies":[{"embeddable":true,"href":"https:\/\/www.politicosdosuldabahia.com.br\/v1\/wp-json\/wp\/v2\/comments?post=131246"}],"version-history":[{"count":1,"href":"https:\/\/www.politicosdosuldabahia.com.br\/v1\/wp-json\/wp\/v2\/posts\/131246\/revisions"}],"predecessor-version":[{"id":131248,"href":"https:\/\/www.politicosdosuldabahia.com.br\/v1\/wp-json\/wp\/v2\/posts\/131246\/revisions\/131248"}],"wp:attachment":[{"href":"https:\/\/www.politicosdosuldabahia.com.br\/v1\/wp-json\/wp\/v2\/media?parent=131246"}],"wp:term":[{"taxonomy":"category","embeddable":true,"href":"https:\/\/www.politicosdosuldabahia.com.br\/v1\/wp-json\/wp\/v2\/categories?post=131246"},{"taxonomy":"post_tag","embeddable":true,"href":"https:\/\/www.politicosdosuldabahia.com.br\/v1\/wp-json\/wp\/v2\/tags?post=131246"}],"curies":[{"name":"wp","href":"https:\/\/api.w.org\/{rel}","templated":true}]}}