
{"id":131051,"date":"2020-02-11T19:52:49","date_gmt":"2020-02-11T22:52:49","guid":{"rendered":"http:\/\/www.politicosdosuldabahia.com.br\/v1\/?p=131051"},"modified":"2020-02-11T19:55:45","modified_gmt":"2020-02-11T22:55:45","slug":"itabuna-fernando-gomes-muito-proximo-de-se-filiar-ao-pros","status":"publish","type":"post","link":"https:\/\/www.politicosdosuldabahia.com.br\/v1\/2020\/02\/11\/itabuna-fernando-gomes-muito-proximo-de-se-filiar-ao-pros\/","title":{"rendered":"ITABUNA: FERNANDO GOMES MUITO PR\u00d3XIMO DE SE FILIAR AO PROS"},"content":{"rendered":"<p><a href=\"http:\/\/www.politicosdosuldabahia.com.br\/v1\/2017\/10\/06\/itabuna-fernando-gomes-vai-conceder-entrevista-bombastica-ao-programa-resenha-da-cidade\/fernando-gomes-fala-de-projetos-e-acoes-do-governo-em-entrevista-2\/\" rel=\"attachment wp-att-97899\"><img loading=\"lazy\" decoding=\"async\" class=\"aligncenter size-full wp-image-97899\" src=\"http:\/\/www.politicosdosuldabahia.com.br\/v1\/wp-content\/uploads\/2017\/10\/Fernando-Gomes-fala-de-projetos-e-a\u00e7\u00f5es-do-governo-em-entrevista..jpg\" alt=\"Fernando-Gomes-fala-de-projetos-e-a\u00e7\u00f5es-do-governo-em-entrevista.\" width=\"445\" height=\"400\" srcset=\"https:\/\/www.politicosdosuldabahia.com.br\/v1\/wp-content\/uploads\/2017\/10\/Fernando-Gomes-fala-de-projetos-e-a\u00e7\u00f5es-do-governo-em-entrevista..jpg 445w, https:\/\/www.politicosdosuldabahia.com.br\/v1\/wp-content\/uploads\/2017\/10\/Fernando-Gomes-fala-de-projetos-e-a\u00e7\u00f5es-do-governo-em-entrevista.-300x270.jpg 300w\" sizes=\"(max-width: 445px) 100vw, 445px\" \/><\/a><\/p>\n<h3 style=\"text-align: justify;\">O prefeito de Itabuna, Fernando Gomes cumpre nesta semana agenda pol\u00edtica na capital do estado e em Bras\u00edlia. O prefeito pretende retornar para o munic\u00edpio com algumas novidades pol\u00edticas e sobre seu novo partido.<\/h3>\n<h3 style=\"text-align: justify;\">O blog sondou que Fernando Gomes est\u00e1 muito pr\u00f3ximo de se filiar ao Pros, ele dever\u00e1 se reunir nesta semana com o deputado federal Uldurico Junior, que \u00e9 presidente do partido no estado.<\/h3>\n","protected":false},"excerpt":{"rendered":"<p>O prefeito de Itabuna, Fernando Gomes cumpre nesta semana agenda pol\u00edtica na capital do estado e em Bras\u00edlia. O prefeito pretende retornar para o munic\u00edpio com algumas novidades pol\u00edticas e sobre seu novo partido. O blog sondou que Fernando Gomes est\u00e1 muito pr\u00f3ximo de se filiar ao Pros, ele dever\u00e1 se reunir nesta semana com [&hellip;]<\/p>\n","protected":false},"author":2,"featured_media":97899,"comment_status":"open","ping_status":"open","sticky":false,"template":"","format":"standard","meta":{"footnotes":"","_links_to":"","_links_to_target":""},"categories":[24,1],"tags":[],"class_list":["post-131051","post","type-post","status-publish","format-standard","has-post-thumbnail","hentry","category-destaque2","category-geral"],"views":1734,"_links":{"self":[{"href":"https:\/\/www.politicosdosuldabahia.com.br\/v1\/wp-json\/wp\/v2\/posts\/131051"}],"collection":[{"href":"https:\/\/www.politicosdosuldabahia.com.br\/v1\/wp-json\/wp\/v2\/posts"}],"about":[{"href":"https:\/\/www.politicosdosuldabahia.com.br\/v1\/wp-json\/wp\/v2\/types\/post"}],"author":[{"embeddable":true,"href":"https:\/\/www.politicosdosuldabahia.com.br\/v1\/wp-json\/wp\/v2\/users\/2"}],"replies":[{"embeddable":true,"href":"https:\/\/www.politicosdosuldabahia.com.br\/v1\/wp-json\/wp\/v2\/comments?post=131051"}],"version-history":[{"count":1,"href":"https:\/\/www.politicosdosuldabahia.com.br\/v1\/wp-json\/wp\/v2\/posts\/131051\/revisions"}],"predecessor-version":[{"id":131052,"href":"https:\/\/www.politicosdosuldabahia.com.br\/v1\/wp-json\/wp\/v2\/posts\/131051\/revisions\/131052"}],"wp:featuredmedia":[{"embeddable":true,"href":"https:\/\/www.politicosdosuldabahia.com.br\/v1\/wp-json\/wp\/v2\/media\/97899"}],"wp:attachment":[{"href":"https:\/\/www.politicosdosuldabahia.com.br\/v1\/wp-json\/wp\/v2\/media?parent=131051"}],"wp:term":[{"taxonomy":"category","embeddable":true,"href":"https:\/\/www.politicosdosuldabahia.com.br\/v1\/wp-json\/wp\/v2\/categories?post=131051"},{"taxonomy":"post_tag","embeddable":true,"href":"https:\/\/www.politicosdosuldabahia.com.br\/v1\/wp-json\/wp\/v2\/tags?post=131051"}],"curies":[{"name":"wp","href":"https:\/\/api.w.org\/{rel}","templated":true}]}}