
{"id":129081,"date":"2019-12-19T00:54:38","date_gmt":"2019-12-19T03:54:38","guid":{"rendered":"http:\/\/www.politicosdosuldabahia.com.br\/v1\/?p=129081"},"modified":"2019-12-19T00:54:38","modified_gmt":"2019-12-19T03:54:38","slug":"kaua-araujo-jovem-cantor-faz-sucesso-e-ganha-milhares-de-fas-por-onde-passa","status":"publish","type":"post","link":"https:\/\/www.politicosdosuldabahia.com.br\/v1\/2019\/12\/19\/kaua-araujo-jovem-cantor-faz-sucesso-e-ganha-milhares-de-fas-por-onde-passa\/","title":{"rendered":"KAU\u00c3 ARAUJO: JOVEM CANTOR FAZ SUCESSO E GANHA MILHARES DE F\u00c3S POR ONDE PASSA"},"content":{"rendered":"<p><img loading=\"lazy\" decoding=\"async\" class=\"aligncenter wp-image-129082\" src=\"http:\/\/www.politicosdosuldabahia.com.br\/v1\/wp-content\/uploads\/2019\/12\/MG_1228-300x200.jpg\" alt=\"MG_1228\" width=\"455\" height=\"303\" srcset=\"https:\/\/www.politicosdosuldabahia.com.br\/v1\/wp-content\/uploads\/2019\/12\/MG_1228-300x200.jpg 300w, https:\/\/www.politicosdosuldabahia.com.br\/v1\/wp-content\/uploads\/2019\/12\/MG_1228.jpg 500w\" sizes=\"(max-width: 455px) 100vw, 455px\" \/><\/p>\n<h3 style=\"text-align: justify\">O jovem cantor, Kau\u00e3 Ara\u00fajo, de apenas 16 anos, est\u00e1 dando o que falar. Neste s\u00e1bado dia 14 de dezembro Kau\u00e3 fez um mega show no evento \u201cVer\u00e3o Neon\u201d em Ilh\u00e9us &#8211; BA. O cantor agitou a noite de aproximadamente 2 mil pessoas com can\u00e7\u00f5es de sucesso como: \u201cDeixo me usar\u201d e \u201cDona da raz\u00e3o\u201d. Com muito carisma e talento, este garoto ganha o cora\u00e7\u00e3o de milhares de f\u00e3s por onde passa!!<\/h3>\n<h3 style=\"text-align: justify\">&#8220;Incr\u00edvel foi sentir a emo\u00e7\u00e3o dos f\u00e3s cantando todas as m\u00fasicas do nosso show do in\u00edcio ao fim! Eles cantavam mais alto que eu,\u00a0 rsrs&#8221; (Kau\u00e3 Ara\u00fajo)<\/h3>\n<h3 style=\"text-align: justify\">Com mais de 1.7 milh\u00f5es de plays na plataforma digital Sua M\u00fasica ele vem se destacando e seu clipe rec\u00e9m lan\u00e7ado j\u00e1 se aproxima de meio milh\u00e3o de visualiza\u00e7\u00f5es no YouTube.<\/h3>\n<h3 style=\"text-align: justify\">Nesta semana tem lan\u00e7amento de CD e promete embalar o ver\u00e3o 2020 com um novo repert\u00f3rio cheio de novidades e de m\u00fasicas estouradas em todo pa\u00eds.<\/h3>\n<h3 style=\"text-align: justify\">Voc\u00ea pode escutar suas can\u00e7\u00f5es em diversas plataformas digitais como YouTube, Sua M\u00fasica, Spotify e Deezer.<\/h3>\n<p><img loading=\"lazy\" decoding=\"async\" class=\"aligncenter wp-image-129083\" src=\"http:\/\/www.politicosdosuldabahia.com.br\/v1\/wp-content\/uploads\/2019\/12\/DSC02137-01-300x169.jpeg\" alt=\"DSC02137-01\" width=\"455\" height=\"256\" srcset=\"https:\/\/www.politicosdosuldabahia.com.br\/v1\/wp-content\/uploads\/2019\/12\/DSC02137-01-300x169.jpeg 300w, https:\/\/www.politicosdosuldabahia.com.br\/v1\/wp-content\/uploads\/2019\/12\/DSC02137-01.jpeg 500w\" sizes=\"(max-width: 455px) 100vw, 455px\" \/><\/p>\n","protected":false},"excerpt":{"rendered":"<p>O jovem cantor, Kau\u00e3 Ara\u00fajo, de apenas 16 anos, est\u00e1 dando o que falar. Neste s\u00e1bado dia 14 de dezembro Kau\u00e3 fez um mega show no evento \u201cVer\u00e3o Neon\u201d em Ilh\u00e9us &#8211; BA. O cantor agitou a noite de aproximadamente 2 mil pessoas com can\u00e7\u00f5es de sucesso como: \u201cDeixo me usar\u201d e \u201cDona da raz\u00e3o\u201d. [&hellip;]<\/p>\n","protected":false},"author":992,"featured_media":0,"comment_status":"open","ping_status":"open","sticky":false,"template":"","format":"standard","meta":{"footnotes":"","_links_to":"","_links_to_target":""},"categories":[1],"tags":[45,46,47],"class_list":["post-129081","post","type-post","status-publish","format-standard","hentry","category-geral","tag-caua-araujo","tag-deixo-me-usar","tag-dona-da-razao"],"views":3140,"_links":{"self":[{"href":"https:\/\/www.politicosdosuldabahia.com.br\/v1\/wp-json\/wp\/v2\/posts\/129081"}],"collection":[{"href":"https:\/\/www.politicosdosuldabahia.com.br\/v1\/wp-json\/wp\/v2\/posts"}],"about":[{"href":"https:\/\/www.politicosdosuldabahia.com.br\/v1\/wp-json\/wp\/v2\/types\/post"}],"author":[{"embeddable":true,"href":"https:\/\/www.politicosdosuldabahia.com.br\/v1\/wp-json\/wp\/v2\/users\/992"}],"replies":[{"embeddable":true,"href":"https:\/\/www.politicosdosuldabahia.com.br\/v1\/wp-json\/wp\/v2\/comments?post=129081"}],"version-history":[{"count":2,"href":"https:\/\/www.politicosdosuldabahia.com.br\/v1\/wp-json\/wp\/v2\/posts\/129081\/revisions"}],"predecessor-version":[{"id":129085,"href":"https:\/\/www.politicosdosuldabahia.com.br\/v1\/wp-json\/wp\/v2\/posts\/129081\/revisions\/129085"}],"wp:attachment":[{"href":"https:\/\/www.politicosdosuldabahia.com.br\/v1\/wp-json\/wp\/v2\/media?parent=129081"}],"wp:term":[{"taxonomy":"category","embeddable":true,"href":"https:\/\/www.politicosdosuldabahia.com.br\/v1\/wp-json\/wp\/v2\/categories?post=129081"},{"taxonomy":"post_tag","embeddable":true,"href":"https:\/\/www.politicosdosuldabahia.com.br\/v1\/wp-json\/wp\/v2\/tags?post=129081"}],"curies":[{"name":"wp","href":"https:\/\/api.w.org\/{rel}","templated":true}]}}