
{"id":128464,"date":"2019-12-04T11:19:49","date_gmt":"2019-12-04T14:19:49","guid":{"rendered":"http:\/\/www.politicosdosuldabahia.com.br\/v1\/?p=128464"},"modified":"2019-12-04T12:11:26","modified_gmt":"2019-12-04T15:11:26","slug":"pedro-tavares-reivindica-recuperacao-da-ba-001-rodovia-que-abrange-regiao-turistica-do-estado","status":"publish","type":"post","link":"https:\/\/www.politicosdosuldabahia.com.br\/v1\/2019\/12\/04\/pedro-tavares-reivindica-recuperacao-da-ba-001-rodovia-que-abrange-regiao-turistica-do-estado\/","title":{"rendered":"PEDRO TAVARES REIVINDICA RECUPERA\u00c7\u00c3O DA BA-001 RODOVIA QUE ABRANGE REGI\u00c3O TUR\u00cdSTICA DO ESTADO"},"content":{"rendered":"<div class=\"gmail_default\">\n<p><img loading=\"lazy\" decoding=\"async\" class=\"aligncenter wp-image-128465\" src=\"http:\/\/www.politicosdosuldabahia.com.br\/v1\/wp-content\/uploads\/2019\/12\/Pedro-Tavares-200x300.jpeg\" alt=\"Pedro Tavares\" width=\"455\" height=\"683\" srcset=\"https:\/\/www.politicosdosuldabahia.com.br\/v1\/wp-content\/uploads\/2019\/12\/Pedro-Tavares-200x300.jpeg 200w, https:\/\/www.politicosdosuldabahia.com.br\/v1\/wp-content\/uploads\/2019\/12\/Pedro-Tavares.jpeg 500w\" sizes=\"(max-width: 455px) 100vw, 455px\" \/><\/p>\n<\/div>\n<div>\n<div dir=\"ltr\">\n<div dir=\"ltr\">\n<h4 style=\"text-align: center\"><span class=\"gmail_default\"><span style=\"font-size: large\"><b>As condi\u00e7\u00f5es da estrada t\u00eam impactado negativamente no turismo da regi\u00e3o sul\u00a0<\/b><\/span><\/span><\/h4>\n<h3 style=\"text-align: justify\">O deputado estadual Pedro Tavares (DEM), presidente da Comiss\u00e3o de Infraestrutura, Desenvolvimento Econ\u00f4mico e Turismo, reivindicou ao governador Rui Costa (PT), atrav\u00e9s de indica\u00e7\u00e3o na Assembleia Legislativa da Bahia, a recupera\u00e7\u00e3o asf\u00e1ltica da BA-001, no trecho que liga a cidade de Valen\u00e7a a Itacar\u00e9. O parlamentar passou recentemente pela regi\u00e3o e p\u00f4de constatar as condi\u00e7\u00f5es da estrada, al\u00e9m de ouvir queixas da popula\u00e7\u00e3o. A rodovia \u00e9 utilizada como via de acesso a diversos pontos tur\u00edsticos, como Boipeba, Morro de S\u00e3o Paulo, Itacar\u00e9 e outros. Tavares defendeu a melhoria da estrada, durante reuni\u00e3o do colegiado que contou com a participa\u00e7\u00e3o de deputados da bancada do Governo e da Oposi\u00e7\u00e3o, na Casa.<\/h3>\n<h3 style=\"text-align: justify\">\u201cEsse \u00e9 um importante corredor vi\u00e1rio do e<span class=\"gmail_default\">stado, dando\u00a0<\/span>acesso a para\u00edsos de belezas naturais, mas a m\u00e1 conserva\u00e7\u00e3o da estrada com problemas de desn\u00edvel, falta de acostamento, de sinaliza\u00e7\u00e3o e de buracos v\u00eam causando s\u00e9rios transtornos aos motoristas, impactando negativamente no turismo da regi\u00e3o que \u00e9 visitada por pessoas do mundo inteiro. A situa\u00e7\u00e3o se torna mais grave nas \u00e9pocas chuvosas, quando os buracos das pistas e atoleiros tornam ainda mais dif\u00edcil o deslocamento daqueles que precisam utilizar a via pelos mais variados motivos\u201d,\u00a0<span class=\"gmail_default\">criticou.<\/span><\/h3>\n<h3 style=\"text-align: justify\">O parlamentar ressaltou que a requalifica\u00e7\u00e3o do asfalto da via vai facilitar o acesso dos turistas e ampliar as oportunidades de mais crescimento econ\u00f4mico, viabilizando uma melhoria na qualidade de vida dos moradores das localidades.<\/h3>\n<\/div>\n<\/div>\n<\/div>\n","protected":false},"excerpt":{"rendered":"<p>As condi\u00e7\u00f5es da estrada t\u00eam impactado negativamente no turismo da regi\u00e3o sul\u00a0 O deputado estadual Pedro Tavares (DEM), presidente da Comiss\u00e3o de Infraestrutura, Desenvolvimento Econ\u00f4mico e Turismo, reivindicou ao governador Rui Costa (PT), atrav\u00e9s de indica\u00e7\u00e3o na Assembleia Legislativa da Bahia, a recupera\u00e7\u00e3o asf\u00e1ltica da BA-001, no trecho que liga a cidade de Valen\u00e7a a [&hellip;]<\/p>\n","protected":false},"author":992,"featured_media":0,"comment_status":"open","ping_status":"open","sticky":false,"template":"","format":"standard","meta":{"footnotes":"","_links_to":"","_links_to_target":""},"categories":[3],"tags":[],"class_list":["post-128464","post","type-post","status-publish","format-standard","hentry","category-cidades"],"views":860,"_links":{"self":[{"href":"https:\/\/www.politicosdosuldabahia.com.br\/v1\/wp-json\/wp\/v2\/posts\/128464"}],"collection":[{"href":"https:\/\/www.politicosdosuldabahia.com.br\/v1\/wp-json\/wp\/v2\/posts"}],"about":[{"href":"https:\/\/www.politicosdosuldabahia.com.br\/v1\/wp-json\/wp\/v2\/types\/post"}],"author":[{"embeddable":true,"href":"https:\/\/www.politicosdosuldabahia.com.br\/v1\/wp-json\/wp\/v2\/users\/992"}],"replies":[{"embeddable":true,"href":"https:\/\/www.politicosdosuldabahia.com.br\/v1\/wp-json\/wp\/v2\/comments?post=128464"}],"version-history":[{"count":2,"href":"https:\/\/www.politicosdosuldabahia.com.br\/v1\/wp-json\/wp\/v2\/posts\/128464\/revisions"}],"predecessor-version":[{"id":128467,"href":"https:\/\/www.politicosdosuldabahia.com.br\/v1\/wp-json\/wp\/v2\/posts\/128464\/revisions\/128467"}],"wp:attachment":[{"href":"https:\/\/www.politicosdosuldabahia.com.br\/v1\/wp-json\/wp\/v2\/media?parent=128464"}],"wp:term":[{"taxonomy":"category","embeddable":true,"href":"https:\/\/www.politicosdosuldabahia.com.br\/v1\/wp-json\/wp\/v2\/categories?post=128464"},{"taxonomy":"post_tag","embeddable":true,"href":"https:\/\/www.politicosdosuldabahia.com.br\/v1\/wp-json\/wp\/v2\/tags?post=128464"}],"curies":[{"name":"wp","href":"https:\/\/api.w.org\/{rel}","templated":true}]}}