
{"id":128099,"date":"2019-11-25T16:34:52","date_gmt":"2019-11-25T19:34:52","guid":{"rendered":"http:\/\/www.politicosdosuldabahia.com.br\/v1\/?p=128099"},"modified":"2019-11-25T16:34:52","modified_gmt":"2019-11-25T19:34:52","slug":"almadina-merenda-escolar-e-referencia-no-nordeste-brasileiro","status":"publish","type":"post","link":"https:\/\/www.politicosdosuldabahia.com.br\/v1\/2019\/11\/25\/almadina-merenda-escolar-e-referencia-no-nordeste-brasileiro\/","title":{"rendered":"ALMADINA: MERENDA ESCOLAR \u00c9 REFER\u00caNCIA NO NORDESTE BRASILEIRO"},"content":{"rendered":"<h3 style=\"text-align: justify\"><img loading=\"lazy\" decoding=\"async\" class=\"aligncenter wp-image-128100\" src=\"http:\/\/www.politicosdosuldabahia.com.br\/v1\/wp-content\/uploads\/2019\/11\/WhatsApp-Image-2019-11-25-at-16.16.14-300x198.jpeg\" alt=\"WhatsApp Image 2019-11-25 at 16.16.14\" width=\"455\" height=\"301\" srcset=\"https:\/\/www.politicosdosuldabahia.com.br\/v1\/wp-content\/uploads\/2019\/11\/WhatsApp-Image-2019-11-25-at-16.16.14-300x198.jpeg 300w, https:\/\/www.politicosdosuldabahia.com.br\/v1\/wp-content\/uploads\/2019\/11\/WhatsApp-Image-2019-11-25-at-16.16.14.jpeg 448w\" sizes=\"(max-width: 455px) 100vw, 455px\" \/><\/h3>\n<h3 style=\"text-align: justify\">A merenda escolar do munic\u00edpio de Almadina foi destaque no Encontro T\u00e9cnico do PNAE Regi\u00e3o Nordeste, ocorrido em Salvador, foram 1.700 card\u00e1pios avaliados, ficando Almadina como refer\u00eancia na Alimenta\u00e7\u00e3o Escolar servida aos alunos da rede p\u00fablica municipal.<\/h3>\n<h3 style=\"text-align: justify\">Estiveram presentes no Encontro T\u00e9cnico, o Prefeito Milton Cerqueira, \u00e0 Secret\u00e1ria Municipal de Educa\u00e7\u00e3o, Professora Isabela Brito, \u00e0 Nutricionista respons\u00e1vel pela merenda escolar no munic\u00edpio de Almadina, senhora Daiane Fonseca, a qual foi convidada na condi\u00e7\u00e3o de palestrante do evento, momento em quer revelou os procedimentos adotados pela gest\u00e3o para oferecer uma merenda de qualidade ao alunado.<br \/>\n\u201cRecebemos pouco mais de onze mil reais para serem aplicados na merenda escolar de Almadina, temos uma despesa na ordem de trinta mil reais, fruto do compromisso de nossa gest\u00e3o com a nutri\u00e7\u00e3o alimentar de nossos estudantes, esse reconhecimento que nos \u00e9 outorgado refor\u00e7a nosso compromisso para mantermos uma alimenta\u00e7\u00e3o escolar digna, com qualidade nutricional\u201d, declarou o Prefeito Milton Cerqueira.<\/h3>\n<h3 style=\"text-align: justify\">\u201cEm 2020 manteremos o compromisso dos anos anteriores, atender nossos alunos de forma satisfat\u00f3ria, buscando sempre o melhor para nossa comunidade\u201d declarou \u00e0 Secret\u00e1ria Municipal de Educa\u00e7\u00e3o Professora Isabela Brito.<br \/>\nAl\u00e9m da compra de alimentos, a gest\u00e3o Moralidade e Trabalho tem investido na aquisi\u00e7\u00e3o de equipamentos, fog\u00f5es, fornos, al\u00e9m de Freezer, batedeiras, liquidificadores industrial entre outros que s\u00e3o utilizados para o processamento e guarda dos alimentos.<\/h3>\n","protected":false},"excerpt":{"rendered":"<p>A merenda escolar do munic\u00edpio de Almadina foi destaque no Encontro T\u00e9cnico do PNAE Regi\u00e3o Nordeste, ocorrido em Salvador, foram 1.700 card\u00e1pios avaliados, ficando Almadina como refer\u00eancia na Alimenta\u00e7\u00e3o Escolar servida aos alunos da rede p\u00fablica municipal. Estiveram presentes no Encontro T\u00e9cnico, o Prefeito Milton Cerqueira, \u00e0 Secret\u00e1ria Municipal de Educa\u00e7\u00e3o, Professora Isabela Brito, \u00e0 [&hellip;]<\/p>\n","protected":false},"author":992,"featured_media":0,"comment_status":"open","ping_status":"open","sticky":false,"template":"","format":"standard","meta":{"footnotes":"","_links_to":"","_links_to_target":""},"categories":[3],"tags":[],"class_list":["post-128099","post","type-post","status-publish","format-standard","hentry","category-cidades"],"views":1228,"_links":{"self":[{"href":"https:\/\/www.politicosdosuldabahia.com.br\/v1\/wp-json\/wp\/v2\/posts\/128099"}],"collection":[{"href":"https:\/\/www.politicosdosuldabahia.com.br\/v1\/wp-json\/wp\/v2\/posts"}],"about":[{"href":"https:\/\/www.politicosdosuldabahia.com.br\/v1\/wp-json\/wp\/v2\/types\/post"}],"author":[{"embeddable":true,"href":"https:\/\/www.politicosdosuldabahia.com.br\/v1\/wp-json\/wp\/v2\/users\/992"}],"replies":[{"embeddable":true,"href":"https:\/\/www.politicosdosuldabahia.com.br\/v1\/wp-json\/wp\/v2\/comments?post=128099"}],"version-history":[{"count":1,"href":"https:\/\/www.politicosdosuldabahia.com.br\/v1\/wp-json\/wp\/v2\/posts\/128099\/revisions"}],"predecessor-version":[{"id":128101,"href":"https:\/\/www.politicosdosuldabahia.com.br\/v1\/wp-json\/wp\/v2\/posts\/128099\/revisions\/128101"}],"wp:attachment":[{"href":"https:\/\/www.politicosdosuldabahia.com.br\/v1\/wp-json\/wp\/v2\/media?parent=128099"}],"wp:term":[{"taxonomy":"category","embeddable":true,"href":"https:\/\/www.politicosdosuldabahia.com.br\/v1\/wp-json\/wp\/v2\/categories?post=128099"},{"taxonomy":"post_tag","embeddable":true,"href":"https:\/\/www.politicosdosuldabahia.com.br\/v1\/wp-json\/wp\/v2\/tags?post=128099"}],"curies":[{"name":"wp","href":"https:\/\/api.w.org\/{rel}","templated":true}]}}