
{"id":1274,"date":"2009-11-17T09:45:20","date_gmt":"2009-11-17T12:45:20","guid":{"rendered":"http:\/\/www.politicosdosuldabahia.com.br\/v1\/?p=1274"},"modified":"2009-11-17T14:57:36","modified_gmt":"2009-11-17T17:57:36","slug":"filha-de-ex-vereador-de-itabuna-morre-em-acidente","status":"publish","type":"post","link":"https:\/\/www.politicosdosuldabahia.com.br\/v1\/2009\/11\/17\/filha-de-ex-vereador-de-itabuna-morre-em-acidente\/","title":{"rendered":"FILHA DE EX-VEREADOR DE ITABUNA MORRE EM ACIDENTE"},"content":{"rendered":"<h3 class=\"mceTemp mceIEcenter\">\n<dl id=\"attachment_1273\" class=\"wp-caption aligncenter\" style=\"width: 310px;\">\n<dt class=\"wp-caption-dt\"><img loading=\"lazy\" decoding=\"async\" class=\"size-medium wp-image-1273\" title=\"brand\u00e3o\" src=\"http:\/\/www.politicosdosuldabahia.com.br\/v1\/wp-content\/uploads\/brand\u00e3o-300x292.jpg\" alt=\"Let\u00edcia e J\u00fanior Brand\u00e3o.\" width=\"300\" height=\"292\" srcset=\"https:\/\/www.politicosdosuldabahia.com.br\/v1\/wp-content\/uploads\/brand\u00e3o-300x292.jpg 300w, https:\/\/www.politicosdosuldabahia.com.br\/v1\/wp-content\/uploads\/brand\u00e3o.jpg 550w\" sizes=\"(max-width: 300px) 100vw, 300px\" \/><\/dt>\n<dd class=\"wp-caption-dd\" style=\"text-align: center;\"><span style=\"color: #ff0000;\">Let\u00edcia e J\u00fanior Brand\u00e3o.<\/span><\/dd>\n<\/dl>\n<\/h3>\n<h4 style=\"text-align: justify;\"><span style=\"color: #000000;\">Na manh\u00e3 desta ter\u00e7a-feira  aconteceu um grave acidente na avenida Juracy Magalh\u00e3es, centro de Itabuna, no qual teve como vitima fatal a jovem Let\u00edcia Brand\u00e3o. Ela estava na garupa da moto que era conduzida pelo seu pai, o ex-vereador de Itabuna, Junior Brand\u00e3o (PR).<br \/>\n<span style=\"color: #ffffff;\">.<\/span><br \/>\nJunior estava levando Let\u00edcia para o cursinho pr\u00e9-vestibular, e ap\u00f3s abastecer a moto em um posto pr\u00f3ximo a Soluz,  se posicionou atr\u00e1s de um ca\u00e7amba, mas o motorista do ve\u00edculo fez uma mudan\u00e7a de faixa e n\u00e3o realizou a sinaliza\u00e7\u00e3o, por conta disso Junior  perdeu o controle da moto e acabou se chocando com o caminh\u00e3o.<br \/>\n<span style=\"color: #ffffff;\">.<\/span><br \/>\nEm conseq\u00fc\u00eancia do acidente tanto o pai e a filha ficaram sob o caminh\u00e3o, e lamentavelmente o caminh\u00e3o acabou passando por cima da cabe\u00e7a de Let\u00edcia, que morreu no local. O rosto de Let\u00edcia ficou desfigurado, e o seu corpo ficou mais de 40 minutos no local aguardando o transporte, foi necess\u00e1rio um carro de uma funer\u00e1ria fazer o transporte, porque o carro do DPT est\u00e1 quebrado.<br \/>\n<span style=\"color: #ffffff;\">.<\/span><br \/>\nJ\u00fanior n\u00e3o sofreu nada grave, mas em fun\u00e7\u00e3o da morte da filha ele se encontra internado no Hospital em estado de choque.  Let\u00edcia tinha 16 anos e estava se preparando para fazer vestibular em 2010. Em fun\u00e7\u00e3o da morte da jovem, as aulas do col\u00e9gio CISO foram  suspensas nesta ter\u00e7a-feira.<\/span><\/h4>\n","protected":false},"excerpt":{"rendered":"<p>Let\u00edcia e J\u00fanior Brand\u00e3o. Na manh\u00e3 desta ter\u00e7a-feira aconteceu um grave acidente na avenida Juracy Magalh\u00e3es, centro de Itabuna, no qual teve como vitima fatal a jovem Let\u00edcia Brand\u00e3o. Ela estava na garupa da moto que era conduzida pelo seu pai, o ex-vereador de Itabuna, Junior Brand\u00e3o (PR). . Junior estava levando Let\u00edcia para o [&hellip;]<\/p>\n","protected":false},"author":2,"featured_media":0,"comment_status":"open","ping_status":"open","sticky":false,"template":"","format":"standard","meta":{"footnotes":"","_links_to":"","_links_to_target":""},"categories":[1],"tags":[],"class_list":["post-1274","post","type-post","status-publish","format-standard","hentry","category-geral"],"views":9344,"_links":{"self":[{"href":"https:\/\/www.politicosdosuldabahia.com.br\/v1\/wp-json\/wp\/v2\/posts\/1274"}],"collection":[{"href":"https:\/\/www.politicosdosuldabahia.com.br\/v1\/wp-json\/wp\/v2\/posts"}],"about":[{"href":"https:\/\/www.politicosdosuldabahia.com.br\/v1\/wp-json\/wp\/v2\/types\/post"}],"author":[{"embeddable":true,"href":"https:\/\/www.politicosdosuldabahia.com.br\/v1\/wp-json\/wp\/v2\/users\/2"}],"replies":[{"embeddable":true,"href":"https:\/\/www.politicosdosuldabahia.com.br\/v1\/wp-json\/wp\/v2\/comments?post=1274"}],"version-history":[{"count":4,"href":"https:\/\/www.politicosdosuldabahia.com.br\/v1\/wp-json\/wp\/v2\/posts\/1274\/revisions"}],"predecessor-version":[{"id":1277,"href":"https:\/\/www.politicosdosuldabahia.com.br\/v1\/wp-json\/wp\/v2\/posts\/1274\/revisions\/1277"}],"wp:attachment":[{"href":"https:\/\/www.politicosdosuldabahia.com.br\/v1\/wp-json\/wp\/v2\/media?parent=1274"}],"wp:term":[{"taxonomy":"category","embeddable":true,"href":"https:\/\/www.politicosdosuldabahia.com.br\/v1\/wp-json\/wp\/v2\/categories?post=1274"},{"taxonomy":"post_tag","embeddable":true,"href":"https:\/\/www.politicosdosuldabahia.com.br\/v1\/wp-json\/wp\/v2\/tags?post=1274"}],"curies":[{"name":"wp","href":"https:\/\/api.w.org\/{rel}","templated":true}]}}