
{"id":127250,"date":"2019-10-31T17:54:50","date_gmt":"2019-10-31T20:54:50","guid":{"rendered":"http:\/\/www.politicosdosuldabahia.com.br\/v1\/?p=127250"},"modified":"2019-10-31T17:54:50","modified_gmt":"2019-10-31T20:54:50","slug":"um-em-cada-tres-municipios-nao-gera-receita-suficiente-para-sustentar-prefeitura-e-camara","status":"publish","type":"post","link":"https:\/\/www.politicosdosuldabahia.com.br\/v1\/2019\/10\/31\/um-em-cada-tres-municipios-nao-gera-receita-suficiente-para-sustentar-prefeitura-e-camara\/","title":{"rendered":"UM EM CADA TR\u00caS MUNIC\u00cdPIOS N\u00c3O GERA RECEITA SUFICIENTE PARA SUSTENTAR PREFEITURA E C\u00c2MARA"},"content":{"rendered":"<p><a href=\"http:\/\/www.politicosdosuldabahia.com.br\/v1\/2019\/01\/07\/cronica-de-uma-crise-anunciada\/1-crise-financeira\/\" rel=\"attachment wp-att-115655\"><img loading=\"lazy\" decoding=\"async\" class=\"aligncenter size-full wp-image-115655\" src=\"http:\/\/www.politicosdosuldabahia.com.br\/v1\/wp-content\/uploads\/2019\/01\/1-crise-financeira-e1572555261974.jpg\" alt=\"1-crise-financeira\" width=\"450\" height=\"133\" \/><\/a><\/p>\n<h3 style=\"text-align: justify;\">Do &#8220;O Globo&#8221;.<\/h3>\n<h3 style=\"text-align: justify;\">A receita gerada pela atividade econ\u00f4mica de 1.856 cidades brasileiras n\u00e3o foi suficiente nem para custear a estrutura administrativa da c\u00e2mara de vereadores e da prefeitura, em 2018. Os dados s\u00e3o do \u00cdndice Firjan de Gest\u00e3o Fiscal (IFGF), divulgado nesta quinta-feira pela entidade industrial do Rio de Janeiro. O indicador analisou a situa\u00e7\u00e3o de 5.337 prefeituras que entregaram dados ao Tesouro Nacional.<\/h3>\n<h3 style=\"text-align: justify;\">O c\u00e1lculo foi feito com base nas receitas que est\u00e3o ligadas \u00e0 atividade econ\u00f4mica municipal, al\u00e9m das receitas de arrecada\u00e7\u00e3o pr\u00f3prias e devolutivas, como ICMS, IPVA e IPI, diretamente ligadas \u00e0 economia local. Pela \u00f3tica da despesa, foram considerados o custo de manuten\u00e7\u00e3o da C\u00e2mara de Vereadores e da fun\u00e7\u00e3o administrativa do Executivo, sem levar em considera\u00e7\u00e3o as despesas como sa\u00fade, educa\u00e7\u00e3o, urbanismo e saneamento.<\/h3>\n<h3 style=\"text-align: justify;\">Isso significa, em outras palavras, que economia local n\u00e3o gera recursos nem para pagar o m\u00ednimo do funcionamento da burocracia local. Segundo Jonathan Goulart, gerente de estudos econ\u00f4micos da Firjan, a baixa gera\u00e7\u00e3o de receitas pelas economias municipais \u00e9 o principal entrave \u00e0 gest\u00e3o fiscal dos munic\u00edpios brasileiro. Em 2018, 73,9% dos munic\u00edpios tiveram a situa\u00e7\u00e3o or\u00e7ament\u00e1ria avaliada como \u201cdif\u00edcil\u201d ou \u201ccr\u00edtica\u201d.<\/h3>\n<h3 style=\"text-align: justify;\">\u2014 Temos hoje uma baixa capacidade de gera\u00e7\u00e3o de receitas para o financiamento da estrutura administrativa, al\u00e9m de alta rigidez do or\u00e7amento por conta dos gastos com pessoal. Com isso, h\u00e1 dificuldade para um planejamento eficiente, e os investimentos s\u00e3o penalizados \u2014 afirma.<\/h3>\n<h3 style=\"text-align: justify;\">Em m\u00e9dia, esses munic\u00edpios gastaram, em 2018, R$ 4,5 milh\u00f5es com a estrutura administrativa, enquanto as economias locais geraram R$ 3 milh\u00f5es. Isso significa que essas cidades precisariam aumentar em pelo menos 50% as receitas geradas pela atividade econ\u00f4mica para ser sustent\u00e1vel.<\/h3>\n","protected":false},"excerpt":{"rendered":"<p>Do &#8220;O Globo&#8221;. A receita gerada pela atividade econ\u00f4mica de 1.856 cidades brasileiras n\u00e3o foi suficiente nem para custear a estrutura administrativa da c\u00e2mara de vereadores e da prefeitura, em 2018. Os dados s\u00e3o do \u00cdndice Firjan de Gest\u00e3o Fiscal (IFGF), divulgado nesta quinta-feira pela entidade industrial do Rio de Janeiro. O indicador analisou a [&hellip;]<\/p>\n","protected":false},"author":2,"featured_media":0,"comment_status":"open","ping_status":"open","sticky":false,"template":"","format":"standard","meta":{"footnotes":"","_links_to":"","_links_to_target":""},"categories":[1],"tags":[],"class_list":["post-127250","post","type-post","status-publish","format-standard","hentry","category-geral"],"views":657,"_links":{"self":[{"href":"https:\/\/www.politicosdosuldabahia.com.br\/v1\/wp-json\/wp\/v2\/posts\/127250"}],"collection":[{"href":"https:\/\/www.politicosdosuldabahia.com.br\/v1\/wp-json\/wp\/v2\/posts"}],"about":[{"href":"https:\/\/www.politicosdosuldabahia.com.br\/v1\/wp-json\/wp\/v2\/types\/post"}],"author":[{"embeddable":true,"href":"https:\/\/www.politicosdosuldabahia.com.br\/v1\/wp-json\/wp\/v2\/users\/2"}],"replies":[{"embeddable":true,"href":"https:\/\/www.politicosdosuldabahia.com.br\/v1\/wp-json\/wp\/v2\/comments?post=127250"}],"version-history":[{"count":1,"href":"https:\/\/www.politicosdosuldabahia.com.br\/v1\/wp-json\/wp\/v2\/posts\/127250\/revisions"}],"predecessor-version":[{"id":127251,"href":"https:\/\/www.politicosdosuldabahia.com.br\/v1\/wp-json\/wp\/v2\/posts\/127250\/revisions\/127251"}],"wp:attachment":[{"href":"https:\/\/www.politicosdosuldabahia.com.br\/v1\/wp-json\/wp\/v2\/media?parent=127250"}],"wp:term":[{"taxonomy":"category","embeddable":true,"href":"https:\/\/www.politicosdosuldabahia.com.br\/v1\/wp-json\/wp\/v2\/categories?post=127250"},{"taxonomy":"post_tag","embeddable":true,"href":"https:\/\/www.politicosdosuldabahia.com.br\/v1\/wp-json\/wp\/v2\/tags?post=127250"}],"curies":[{"name":"wp","href":"https:\/\/api.w.org\/{rel}","templated":true}]}}