
{"id":124942,"date":"2019-09-05T09:47:50","date_gmt":"2019-09-05T12:47:50","guid":{"rendered":"http:\/\/www.politicosdosuldabahia.com.br\/v1\/?p=124942"},"modified":"2019-09-05T09:47:51","modified_gmt":"2019-09-05T12:47:51","slug":"ilheus-pesquisa-mostra-que-mais-de-49-da-populacao-nao-confia-na-camara-de-vereadores","status":"publish","type":"post","link":"https:\/\/www.politicosdosuldabahia.com.br\/v1\/2019\/09\/05\/ilheus-pesquisa-mostra-que-mais-de-49-da-populacao-nao-confia-na-camara-de-vereadores\/","title":{"rendered":"ILH\u00c9US: PESQUISA MOSTRA QUE MAIS DE 49% DA POPULA\u00c7\u00c3O N\u00c3O CONFIA NA C\u00c2MARA DE VEREADORES"},"content":{"rendered":"<h3 style=\"text-align: justify;\"><a href=\"http:\/\/www.politicosdosuldabahia.com.br\/v1\/2016\/10\/20\/ilheus-quatro-vereadores-disputam-presidencia-da-camara\/camara-de-ilheus-005-2\/\" rel=\"attachment wp-att-86736\"><img loading=\"lazy\" decoding=\"async\" class=\"aligncenter size-full wp-image-86736\" src=\"http:\/\/www.politicosdosuldabahia.com.br\/v1\/wp-content\/uploads\/2016\/10\/Camara-de-Ilh\u00e9us-005-e1543865325121.jpg\" alt=\"camara-de-ilheus-005\" width=\"440\" height=\"330\" \/><\/a><br \/>\nO renomado instituto de pesquisa S\u00d3CIO ESTAT\u00cdSTICA realizou uma pesquisa em Ilh\u00e9us nos dias 13 a 17 de agosto de 2019. Foram entrevistadas 1.004 pessoas na sede e nos distritos do munic\u00edpio.<\/h3>\n<h3 style=\"text-align: justify;\">Na pesquisa foi perguntando sobre qual grau de confian\u00e7a e expectativa em rela\u00e7\u00e3o a C\u00e2mara de Vereadores.<br \/>\nVeja abaixo:<\/h3>\n<h3 style=\"text-align: justify;\">Qual seu grau de confian\u00e7a e expectativa na C\u00e2mara de Vereadores?<\/h3>\n<h3 style=\"text-align: justify;\">Frequ\u00eancia Porcentagem<br \/>\nMuito alta 0.20%<br \/>\nAlta 2.59%<br \/>\nM\u00e9dia 16.73%<br \/>\nBaixa 21.02%<br \/>\nNenhuma 49.70%<br \/>\nN\u00e3o sabe 9.76%<br \/>\nTotal 100%<\/h3>\n<p><a href=\"http:\/\/www.politicosdosuldabahia.com.br\/v1\/2019\/09\/05\/ilheus-pesquisa-mostra-que-mais-de-49-da-populacao-nao-confia-na-camara-de-vereadores\/ii-4\/\" rel=\"attachment wp-att-124943\"><img loading=\"lazy\" decoding=\"async\" class=\"aligncenter size-full wp-image-124943\" src=\"http:\/\/www.politicosdosuldabahia.com.br\/v1\/wp-content\/uploads\/2019\/09\/ii-e1567687555156.jpg\" alt=\"ii\" width=\"476\" height=\"420\" \/><\/a><\/p>\n","protected":false},"excerpt":{"rendered":"<p>O renomado instituto de pesquisa S\u00d3CIO ESTAT\u00cdSTICA realizou uma pesquisa em Ilh\u00e9us nos dias 13 a 17 de agosto de 2019. Foram entrevistadas 1.004 pessoas na sede e nos distritos do munic\u00edpio. Na pesquisa foi perguntando sobre qual grau de confian\u00e7a e expectativa em rela\u00e7\u00e3o a C\u00e2mara de Vereadores. Veja abaixo: Qual seu grau de [&hellip;]<\/p>\n","protected":false},"author":2,"featured_media":0,"comment_status":"open","ping_status":"open","sticky":false,"template":"","format":"standard","meta":{"footnotes":"","_links_to":"","_links_to_target":""},"categories":[1],"tags":[],"class_list":["post-124942","post","type-post","status-publish","format-standard","hentry","category-geral"],"views":771,"_links":{"self":[{"href":"https:\/\/www.politicosdosuldabahia.com.br\/v1\/wp-json\/wp\/v2\/posts\/124942"}],"collection":[{"href":"https:\/\/www.politicosdosuldabahia.com.br\/v1\/wp-json\/wp\/v2\/posts"}],"about":[{"href":"https:\/\/www.politicosdosuldabahia.com.br\/v1\/wp-json\/wp\/v2\/types\/post"}],"author":[{"embeddable":true,"href":"https:\/\/www.politicosdosuldabahia.com.br\/v1\/wp-json\/wp\/v2\/users\/2"}],"replies":[{"embeddable":true,"href":"https:\/\/www.politicosdosuldabahia.com.br\/v1\/wp-json\/wp\/v2\/comments?post=124942"}],"version-history":[{"count":2,"href":"https:\/\/www.politicosdosuldabahia.com.br\/v1\/wp-json\/wp\/v2\/posts\/124942\/revisions"}],"predecessor-version":[{"id":124945,"href":"https:\/\/www.politicosdosuldabahia.com.br\/v1\/wp-json\/wp\/v2\/posts\/124942\/revisions\/124945"}],"wp:attachment":[{"href":"https:\/\/www.politicosdosuldabahia.com.br\/v1\/wp-json\/wp\/v2\/media?parent=124942"}],"wp:term":[{"taxonomy":"category","embeddable":true,"href":"https:\/\/www.politicosdosuldabahia.com.br\/v1\/wp-json\/wp\/v2\/categories?post=124942"},{"taxonomy":"post_tag","embeddable":true,"href":"https:\/\/www.politicosdosuldabahia.com.br\/v1\/wp-json\/wp\/v2\/tags?post=124942"}],"curies":[{"name":"wp","href":"https:\/\/api.w.org\/{rel}","templated":true}]}}