
{"id":124222,"date":"2019-08-20T20:35:59","date_gmt":"2019-08-20T23:35:59","guid":{"rendered":"http:\/\/www.politicosdosuldabahia.com.br\/v1\/?p=124222"},"modified":"2019-08-20T20:35:59","modified_gmt":"2019-08-20T23:35:59","slug":"aurelino-leal-prefeita-liu-foi-multada-pelo-tcm","status":"publish","type":"post","link":"https:\/\/www.politicosdosuldabahia.com.br\/v1\/2019\/08\/20\/aurelino-leal-prefeita-liu-foi-multada-pelo-tcm\/","title":{"rendered":"AURELINO LEAL: PREFEITA LIU FOI MULTADA PELO TCM"},"content":{"rendered":"<p><a href=\"http:\/\/www.politicosdosuldabahia.com.br\/v1\/2018\/08\/16\/aurelino-leal-prefeita-deu-chapeu-em-josias-e-declara-apoio-a-caca-leao\/liu-7\/\" rel=\"attachment wp-att-110531\"><img loading=\"lazy\" decoding=\"async\" class=\"aligncenter size-full wp-image-110531\" src=\"http:\/\/www.politicosdosuldabahia.com.br\/v1\/wp-content\/uploads\/2018\/08\/liu-e1566344115293.jpg\" alt=\"liu\" width=\"460\" height=\"345\" \/><\/a><\/p>\n<h3 style=\"text-align: justify;\">Na sess\u00e3o desta ter\u00e7a-feira (20\/08), o Tribunal de Contas dos Munic\u00edpios julgou procedente termo de ocorr\u00eancia lavrado contra a prefeita de Aurelino Leal, Liu Andrade (PP), em raz\u00e3o de acumula\u00e7\u00f5es irregulares de cargos p\u00fablicos, por parte de servidores, na Prefeitura Municipal de Aurelino Leal, bem como de incompatibilidades de hor\u00e1rios para a presta\u00e7\u00e3o de servi\u00e7o.<\/h3>\n<h3 style=\"text-align: justify;\">Ao todo foram relacionados 27 servidores, em situa\u00e7\u00e3o irregular durante o exerc\u00edcio de 2018. O relator do processo, conselheiro Jos\u00e9 Alfredo Rocha Dias, multou a gestora em R$10 mil.<\/h3>\n<h3 style=\"text-align: justify;\">O termo de ocorr\u00eancia foi lavrado pela Diretoria de Controle de Atos de Pessoal do TCM, em face do acordo de coopera\u00e7\u00e3o celebrado entre o Tribunal de Contas da Uni\u00e3o \u2013 TCU, a Associa\u00e7\u00e3o dos Membros dos Tribunais de Contas do Brasil \u2013 Atricon, o Instituto Rui Barbosa \u2013 IRB e tribunais de contas dos estados e dos munic\u00edpios, objetivando o controle conjunto de acumula\u00e7\u00e3o de cargos, empregos e fun\u00e7\u00f5es p\u00fablicas e pagamento de remunera\u00e7\u00e3o de pessoal acima do teto constitucionalmente estabelecido.<\/h3>\n<h3 style=\"text-align: justify;\">A prefeita, apesar de ter tomado ci\u00eancia do processo, n\u00e3o apresentou justificativa para as irregularidades.<\/h3>\n","protected":false},"excerpt":{"rendered":"<p>Na sess\u00e3o desta ter\u00e7a-feira (20\/08), o Tribunal de Contas dos Munic\u00edpios julgou procedente termo de ocorr\u00eancia lavrado contra a prefeita de Aurelino Leal, Liu Andrade (PP), em raz\u00e3o de acumula\u00e7\u00f5es irregulares de cargos p\u00fablicos, por parte de servidores, na Prefeitura Municipal de Aurelino Leal, bem como de incompatibilidades de hor\u00e1rios para a presta\u00e7\u00e3o de servi\u00e7o. [&hellip;]<\/p>\n","protected":false},"author":2,"featured_media":0,"comment_status":"open","ping_status":"open","sticky":false,"template":"","format":"standard","meta":{"footnotes":"","_links_to":"","_links_to_target":""},"categories":[1],"tags":[],"class_list":["post-124222","post","type-post","status-publish","format-standard","hentry","category-geral"],"views":1333,"_links":{"self":[{"href":"https:\/\/www.politicosdosuldabahia.com.br\/v1\/wp-json\/wp\/v2\/posts\/124222"}],"collection":[{"href":"https:\/\/www.politicosdosuldabahia.com.br\/v1\/wp-json\/wp\/v2\/posts"}],"about":[{"href":"https:\/\/www.politicosdosuldabahia.com.br\/v1\/wp-json\/wp\/v2\/types\/post"}],"author":[{"embeddable":true,"href":"https:\/\/www.politicosdosuldabahia.com.br\/v1\/wp-json\/wp\/v2\/users\/2"}],"replies":[{"embeddable":true,"href":"https:\/\/www.politicosdosuldabahia.com.br\/v1\/wp-json\/wp\/v2\/comments?post=124222"}],"version-history":[{"count":1,"href":"https:\/\/www.politicosdosuldabahia.com.br\/v1\/wp-json\/wp\/v2\/posts\/124222\/revisions"}],"predecessor-version":[{"id":124223,"href":"https:\/\/www.politicosdosuldabahia.com.br\/v1\/wp-json\/wp\/v2\/posts\/124222\/revisions\/124223"}],"wp:attachment":[{"href":"https:\/\/www.politicosdosuldabahia.com.br\/v1\/wp-json\/wp\/v2\/media?parent=124222"}],"wp:term":[{"taxonomy":"category","embeddable":true,"href":"https:\/\/www.politicosdosuldabahia.com.br\/v1\/wp-json\/wp\/v2\/categories?post=124222"},{"taxonomy":"post_tag","embeddable":true,"href":"https:\/\/www.politicosdosuldabahia.com.br\/v1\/wp-json\/wp\/v2\/tags?post=124222"}],"curies":[{"name":"wp","href":"https:\/\/api.w.org\/{rel}","templated":true}]}}