
{"id":124206,"date":"2019-08-20T16:18:00","date_gmt":"2019-08-20T19:18:00","guid":{"rendered":"http:\/\/www.politicosdosuldabahia.com.br\/v1\/?p=124206"},"modified":"2019-08-20T16:18:00","modified_gmt":"2019-08-20T19:18:00","slug":"itabuna-nota-a-imprensa-penalty","status":"publish","type":"post","link":"https:\/\/www.politicosdosuldabahia.com.br\/v1\/2019\/08\/20\/itabuna-nota-a-imprensa-penalty\/","title":{"rendered":"ITABUNA: NOTA \u00c0 IMPRENSA \/PENALTY"},"content":{"rendered":"<h3 style=\"text-align: justify\">A Secretaria de Desenvolvimento Econ\u00f4mico do Estado da Bahia (SDE) esclarece que a f\u00e1brica da Penalty segue em opera\u00e7\u00e3o em Itabuna, no Sul baiano. A Cambuci S.A., empresa detentora da marca, informou \u00e0 Secretaria que as recentes demiss\u00f5es ocorreram em virtude do cen\u00e1rio econ\u00f4mico nacional e do baixo faturamento da unidade grapi\u00fana. Refor\u00e7aram, contudo, que se trata de uma adequa\u00e7\u00e3o moment\u00e2nea e que voltar\u00e1 a contratar.<\/h3>\n<h3 style=\"text-align: justify\">A Penalty comunicou ainda que manter\u00e1 o emprego dos atuais 450 funcion\u00e1rios de Itabuna e que n\u00e3o haver\u00e1 demiss\u00f5es na unidade de Itaju\u00edpe. Nas duas f\u00e1bricas em solo baiano, a empresa gera 700 empregos e j\u00e1 investiu cerca de R$ 5,6 milh\u00f5es nos \u00faltimos 5 anos.<\/h3>\n<h3 style=\"text-align: justify\">A SDE informa tamb\u00e9m que os incentivos fiscais, do Governo do Estado, destinados \u00e0 empresa vencem em dezembro de 2020 e que o procedimento de pedido de prorroga\u00e7\u00e3o j\u00e1 foi aberto. E refor\u00e7a que a perman\u00eancia da Penalty na Bahia \u00e9 estrat\u00e9gica para os munic\u00edpios de Itabuna e Itaju\u00edpe e para a gera\u00e7\u00e3o de emprego e renda em benef\u00edcio de todo o povo baiano.<\/h3>\n","protected":false},"excerpt":{"rendered":"<p>A Secretaria de Desenvolvimento Econ\u00f4mico do Estado da Bahia (SDE) esclarece que a f\u00e1brica da Penalty segue em opera\u00e7\u00e3o em Itabuna, no Sul baiano. A Cambuci S.A., empresa detentora da marca, informou \u00e0 Secretaria que as recentes demiss\u00f5es ocorreram em virtude do cen\u00e1rio econ\u00f4mico nacional e do baixo faturamento da unidade grapi\u00fana. Refor\u00e7aram, contudo, que [&hellip;]<\/p>\n","protected":false},"author":992,"featured_media":0,"comment_status":"open","ping_status":"open","sticky":false,"template":"","format":"standard","meta":{"footnotes":"","_links_to":"","_links_to_target":""},"categories":[1],"tags":[],"class_list":["post-124206","post","type-post","status-publish","format-standard","hentry","category-geral"],"views":827,"_links":{"self":[{"href":"https:\/\/www.politicosdosuldabahia.com.br\/v1\/wp-json\/wp\/v2\/posts\/124206"}],"collection":[{"href":"https:\/\/www.politicosdosuldabahia.com.br\/v1\/wp-json\/wp\/v2\/posts"}],"about":[{"href":"https:\/\/www.politicosdosuldabahia.com.br\/v1\/wp-json\/wp\/v2\/types\/post"}],"author":[{"embeddable":true,"href":"https:\/\/www.politicosdosuldabahia.com.br\/v1\/wp-json\/wp\/v2\/users\/992"}],"replies":[{"embeddable":true,"href":"https:\/\/www.politicosdosuldabahia.com.br\/v1\/wp-json\/wp\/v2\/comments?post=124206"}],"version-history":[{"count":1,"href":"https:\/\/www.politicosdosuldabahia.com.br\/v1\/wp-json\/wp\/v2\/posts\/124206\/revisions"}],"predecessor-version":[{"id":124208,"href":"https:\/\/www.politicosdosuldabahia.com.br\/v1\/wp-json\/wp\/v2\/posts\/124206\/revisions\/124208"}],"wp:attachment":[{"href":"https:\/\/www.politicosdosuldabahia.com.br\/v1\/wp-json\/wp\/v2\/media?parent=124206"}],"wp:term":[{"taxonomy":"category","embeddable":true,"href":"https:\/\/www.politicosdosuldabahia.com.br\/v1\/wp-json\/wp\/v2\/categories?post=124206"},{"taxonomy":"post_tag","embeddable":true,"href":"https:\/\/www.politicosdosuldabahia.com.br\/v1\/wp-json\/wp\/v2\/tags?post=124206"}],"curies":[{"name":"wp","href":"https:\/\/api.w.org\/{rel}","templated":true}]}}