
{"id":123278,"date":"2019-07-26T16:50:37","date_gmt":"2019-07-26T19:50:37","guid":{"rendered":"http:\/\/www.politicosdosuldabahia.com.br\/v1\/?p=123278"},"modified":"2019-07-26T16:51:07","modified_gmt":"2019-07-26T19:51:07","slug":"itabuna-apoio-a-ze-ronaldo-fez-pdt-ficar-sem-cargos-no-governo","status":"publish","type":"post","link":"https:\/\/www.politicosdosuldabahia.com.br\/v1\/2019\/07\/26\/itabuna-apoio-a-ze-ronaldo-fez-pdt-ficar-sem-cargos-no-governo\/","title":{"rendered":"ITABUNA: APOIO A Z\u00c9 RONALDO FEZ PDT FICAR SEM CARGOS NO GOVERNO"},"content":{"rendered":"<p><a href=\"http:\/\/www.politicosdosuldabahia.com.br\/v1\/2019\/07\/26\/itabuna-apoio-a-ze-ronaldo-fez-pdt-ficar-sem-cargos-no-governo\/gui-5\/\" rel=\"attachment wp-att-123279\"><img loading=\"lazy\" decoding=\"async\" class=\"aligncenter size-full wp-image-123279\" src=\"http:\/\/www.politicosdosuldabahia.com.br\/v1\/wp-content\/uploads\/2019\/07\/gui.jpg\" alt=\"gui\" width=\"448\" height=\"299\" srcset=\"https:\/\/www.politicosdosuldabahia.com.br\/v1\/wp-content\/uploads\/2019\/07\/gui.jpg 448w, https:\/\/www.politicosdosuldabahia.com.br\/v1\/wp-content\/uploads\/2019\/07\/gui-300x200.jpg 300w\" sizes=\"(max-width: 448px) 100vw, 448px\" \/><\/a><\/p>\n<h3 style=\"text-align: justify;\">O conselho pol\u00edtico do governo do estado se reuniu e decidiu que o PDT ficar\u00e1 de fora na divis\u00e3o dos cargos no sul da Bahia. No crit\u00e9rio para divis\u00e3o dos cargos o partido teria direito um cargo importante em Itabuna.<\/h3>\n<h3 style=\"text-align: justify;\">Vale lembrar que em 2018 o PDT teve vota\u00e7\u00e3o expressiva com os candidatos a deputados Mangabeira (PDT) (s\u00f3 em Itabuna teve 19 mil votos), Guinho (s\u00f3 em Itabuna mais de oito mil votos) e Cosme Ara\u00fajo (mais de 10 mil votos em Ilh\u00e9us).<\/h3>\n<h3 style=\"text-align: justify;\">Com essa vota\u00e7\u00e3o o PDT indicaria um dos melhores cargos do governo do estado no sul da Bahia, o problema \u00e9 que os tr\u00eas candidatos do partido apoiaram o candidato ao governo da oposi\u00e7\u00e3o, que foi Z\u00e9 Ronaldo (DEM). Com isso os membros do conselho pol\u00edtico vetaram a divis\u00e3o de cargos com o PDT.<\/h3>\n","protected":false},"excerpt":{"rendered":"<p>O conselho pol\u00edtico do governo do estado se reuniu e decidiu que o PDT ficar\u00e1 de fora na divis\u00e3o dos cargos no sul da Bahia. No crit\u00e9rio para divis\u00e3o dos cargos o partido teria direito um cargo importante em Itabuna. Vale lembrar que em 2018 o PDT teve vota\u00e7\u00e3o expressiva com os candidatos a deputados [&hellip;]<\/p>\n","protected":false},"author":2,"featured_media":123279,"comment_status":"open","ping_status":"open","sticky":false,"template":"","format":"standard","meta":{"footnotes":"","_links_to":"","_links_to_target":""},"categories":[23,1],"tags":[],"class_list":["post-123278","post","type-post","status-publish","format-standard","has-post-thumbnail","hentry","category-destaque1","category-geral"],"views":1851,"_links":{"self":[{"href":"https:\/\/www.politicosdosuldabahia.com.br\/v1\/wp-json\/wp\/v2\/posts\/123278"}],"collection":[{"href":"https:\/\/www.politicosdosuldabahia.com.br\/v1\/wp-json\/wp\/v2\/posts"}],"about":[{"href":"https:\/\/www.politicosdosuldabahia.com.br\/v1\/wp-json\/wp\/v2\/types\/post"}],"author":[{"embeddable":true,"href":"https:\/\/www.politicosdosuldabahia.com.br\/v1\/wp-json\/wp\/v2\/users\/2"}],"replies":[{"embeddable":true,"href":"https:\/\/www.politicosdosuldabahia.com.br\/v1\/wp-json\/wp\/v2\/comments?post=123278"}],"version-history":[{"count":2,"href":"https:\/\/www.politicosdosuldabahia.com.br\/v1\/wp-json\/wp\/v2\/posts\/123278\/revisions"}],"predecessor-version":[{"id":123281,"href":"https:\/\/www.politicosdosuldabahia.com.br\/v1\/wp-json\/wp\/v2\/posts\/123278\/revisions\/123281"}],"wp:featuredmedia":[{"embeddable":true,"href":"https:\/\/www.politicosdosuldabahia.com.br\/v1\/wp-json\/wp\/v2\/media\/123279"}],"wp:attachment":[{"href":"https:\/\/www.politicosdosuldabahia.com.br\/v1\/wp-json\/wp\/v2\/media?parent=123278"}],"wp:term":[{"taxonomy":"category","embeddable":true,"href":"https:\/\/www.politicosdosuldabahia.com.br\/v1\/wp-json\/wp\/v2\/categories?post=123278"},{"taxonomy":"post_tag","embeddable":true,"href":"https:\/\/www.politicosdosuldabahia.com.br\/v1\/wp-json\/wp\/v2\/tags?post=123278"}],"curies":[{"name":"wp","href":"https:\/\/api.w.org\/{rel}","templated":true}]}}