
{"id":122887,"date":"2019-07-18T12:20:43","date_gmt":"2019-07-18T15:20:43","guid":{"rendered":"http:\/\/www.politicosdosuldabahia.com.br\/v1\/?p=122887"},"modified":"2019-07-18T12:43:32","modified_gmt":"2019-07-18T15:43:32","slug":"macarani-prefeito-nega-que-energia-da-prefeitura-foi-cortada","status":"publish","type":"post","link":"https:\/\/www.politicosdosuldabahia.com.br\/v1\/2019\/07\/18\/macarani-prefeito-nega-que-energia-da-prefeitura-foi-cortada\/","title":{"rendered":"MACARANI: PREFEITO NEGA QUE ENERGIA DA PREFEITURA FOI CORTADA,HERALDO REBATE"},"content":{"rendered":"<p>&nbsp;<\/p>\n<h3 style=\"text-align: justify;\"><img loading=\"lazy\" decoding=\"async\" class=\"aligncenter wp-image-122888\" src=\"http:\/\/www.politicosdosuldabahia.com.br\/v1\/wp-content\/uploads\/2019\/07\/WhatsApp-Image-2019-07-18-at-12.00.29-196x300.jpeg\" alt=\"WhatsApp Image 2019-07-18 at 12.00.29\" width=\"455\" height=\"697\" srcset=\"https:\/\/www.politicosdosuldabahia.com.br\/v1\/wp-content\/uploads\/2019\/07\/WhatsApp-Image-2019-07-18-at-12.00.29-196x300.jpeg 196w, https:\/\/www.politicosdosuldabahia.com.br\/v1\/wp-content\/uploads\/2019\/07\/WhatsApp-Image-2019-07-18-at-12.00.29.jpeg 400w\" sizes=\"(max-width: 455px) 100vw, 455px\" \/>Na manh\u00e3 desta quinta-feira (18), surgiu um coment\u00e1rio nas redes sociais de que a empresa \u00a0de energia el\u00e9trica havia cortado a nergia do pr\u00e9dio da prefeitura e do mercado municipal. A not\u00edcia foi vinculada em meios de comunica\u00e7\u00e3o e compartilhada nas redes sociais pelo ex-deputado e pr\u00e9-candidato a prefeito de Macarani, Heraldo Rocha.<\/h3>\n<h3 style=\"text-align: justify;\">O prefeito, Dr. Miler Ferraz (MDB) manteve contato com site e negou que houve o corte de energia, informando que teria ocorrido um curto circuito no mercado municipal que acabou deixando o local sem energia e, enviou uma foto do seu gabinete, na qual a energia estava funcionando normalmente.<\/h3>\n<h3 style=\"text-align: justify;\">Questionado sobre a postura de Heraldo ele declarou: \u201cHeraldo \u00e9 sensacionalista. \u00c9 algo da oposi\u00e7\u00e3o, plantar not\u00edcias falsas, mas n\u00e3o houve corte de energia\u201d, afirmou o prefeito.<\/h3>\n<h3 style=\"text-align: justify;\">Em contato com o ex deputado Heraldo Rocha (Dem), ele confirmou que ocorreu o corte de energia na prefeitura e no mercado:<\/h3>\n<h3 style=\"text-align: justify;\">&#8221; infelizmente a nossa querida Macarani est\u00e1 passando por um caos administrativo. A energia da prefeitura e do mercado foram cortadas por falta de pagamento. Tenho v\u00e1rios v\u00eddeos da popula\u00e7\u00e3o relatando esse absurdo &#8220;, declarou<\/h3>\n","protected":false},"excerpt":{"rendered":"<p>&nbsp; Na manh\u00e3 desta quinta-feira (18), surgiu um coment\u00e1rio nas redes sociais de que a empresa \u00a0de energia el\u00e9trica havia cortado a nergia do pr\u00e9dio da prefeitura e do mercado municipal. A not\u00edcia foi vinculada em meios de comunica\u00e7\u00e3o e compartilhada nas redes sociais pelo ex-deputado e pr\u00e9-candidato a prefeito de Macarani, Heraldo Rocha. O [&hellip;]<\/p>\n","protected":false},"author":992,"featured_media":0,"comment_status":"open","ping_status":"open","sticky":false,"template":"","format":"standard","meta":{"footnotes":"","_links_to":"","_links_to_target":""},"categories":[3],"tags":[],"class_list":["post-122887","post","type-post","status-publish","format-standard","hentry","category-cidades"],"views":1990,"_links":{"self":[{"href":"https:\/\/www.politicosdosuldabahia.com.br\/v1\/wp-json\/wp\/v2\/posts\/122887"}],"collection":[{"href":"https:\/\/www.politicosdosuldabahia.com.br\/v1\/wp-json\/wp\/v2\/posts"}],"about":[{"href":"https:\/\/www.politicosdosuldabahia.com.br\/v1\/wp-json\/wp\/v2\/types\/post"}],"author":[{"embeddable":true,"href":"https:\/\/www.politicosdosuldabahia.com.br\/v1\/wp-json\/wp\/v2\/users\/992"}],"replies":[{"embeddable":true,"href":"https:\/\/www.politicosdosuldabahia.com.br\/v1\/wp-json\/wp\/v2\/comments?post=122887"}],"version-history":[{"count":3,"href":"https:\/\/www.politicosdosuldabahia.com.br\/v1\/wp-json\/wp\/v2\/posts\/122887\/revisions"}],"predecessor-version":[{"id":122892,"href":"https:\/\/www.politicosdosuldabahia.com.br\/v1\/wp-json\/wp\/v2\/posts\/122887\/revisions\/122892"}],"wp:attachment":[{"href":"https:\/\/www.politicosdosuldabahia.com.br\/v1\/wp-json\/wp\/v2\/media?parent=122887"}],"wp:term":[{"taxonomy":"category","embeddable":true,"href":"https:\/\/www.politicosdosuldabahia.com.br\/v1\/wp-json\/wp\/v2\/categories?post=122887"},{"taxonomy":"post_tag","embeddable":true,"href":"https:\/\/www.politicosdosuldabahia.com.br\/v1\/wp-json\/wp\/v2\/tags?post=122887"}],"curies":[{"name":"wp","href":"https:\/\/api.w.org\/{rel}","templated":true}]}}