
{"id":122246,"date":"2019-07-02T10:47:29","date_gmt":"2019-07-02T13:47:29","guid":{"rendered":"http:\/\/www.politicosdosuldabahia.com.br\/v1\/?p=122246"},"modified":"2019-07-02T10:47:59","modified_gmt":"2019-07-02T13:47:59","slug":"aurelino-leal-humorista-juninho-espoliano-volta-a-criticar-governo-da-prefeita-liu","status":"publish","type":"post","link":"https:\/\/www.politicosdosuldabahia.com.br\/v1\/2019\/07\/02\/aurelino-leal-humorista-juninho-espoliano-volta-a-criticar-governo-da-prefeita-liu\/","title":{"rendered":"AURELINO LEAL: HUMORISTA   JUNINHO ESPOLIANO VOLTA A CRITICAR GOVERNO DA PREFEITA LIU"},"content":{"rendered":"<p><a href=\"http:\/\/www.politicosdosuldabahia.com.br\/v1\/2019\/07\/02\/aurelino-leal-humorista-juninho-espoliano-volta-a-criticar-governo-da-prefeita-liu\/netinho-2\/\" rel=\"attachment wp-att-122247\"><img loading=\"lazy\" decoding=\"async\" class=\"aligncenter size-full wp-image-122247\" src=\"http:\/\/www.politicosdosuldabahia.com.br\/v1\/wp-content\/uploads\/2019\/07\/netinho-e1562075180958.jpg\" alt=\"netinho\" width=\"440\" height=\"203\" \/><\/a><\/p>\n<h3 style=\"text-align: justify;\">Na noite desta segunda-feira o humorista Juninho Espoliano subiu ao palco da festa de S\u00e3o Pedro, em Itaju\u00edpe. Foi durante o show do cantor Netinho do Forr\u00f3. Na oportunidade o humorista elogiou o prefeito Marcone Amaral (PSD).<\/h3>\n<h3 style=\"text-align: justify;\">Juninho Espoliano \u00e9 de Aurelino Leal, e bateu pesado no governo da prefeita Liu Andrade (PP), sua desafeto. \u201c Aqui a festa est\u00e1 linda, j\u00e1 em Aurelino Leal, minha cidade, a festa \u00e9 horr\u00edvel, por sinal l\u00e1 nada que a prefeitura faz presta\u201d.<\/h3>\n<h3 style=\"text-align: justify;\">Vale lembrar que o clima entre os dois come\u00e7ou ficar tenso desde a semana santa, teve at\u00e9 amea\u00e7a de processos.(<a href=\"http:\/\/www.politicosdosuldabahia.com.br\/v1\/2019\/04\/20\/aurelino-leal-prefeita-vai-processar-humorista-juninho-espoliano\/\" target=\"_blank\">veja aqui<\/a>)<\/h3>\n","protected":false},"excerpt":{"rendered":"<p>Na noite desta segunda-feira o humorista Juninho Espoliano subiu ao palco da festa de S\u00e3o Pedro, em Itaju\u00edpe. Foi durante o show do cantor Netinho do Forr\u00f3. Na oportunidade o humorista elogiou o prefeito Marcone Amaral (PSD). Juninho Espoliano \u00e9 de Aurelino Leal, e bateu pesado no governo da prefeita Liu Andrade (PP), sua desafeto. [&hellip;]<\/p>\n","protected":false},"author":2,"featured_media":122247,"comment_status":"open","ping_status":"open","sticky":false,"template":"","format":"standard","meta":{"footnotes":"","_links_to":"","_links_to_target":""},"categories":[24,1],"tags":[],"class_list":["post-122246","post","type-post","status-publish","format-standard","has-post-thumbnail","hentry","category-destaque2","category-geral"],"views":2746,"_links":{"self":[{"href":"https:\/\/www.politicosdosuldabahia.com.br\/v1\/wp-json\/wp\/v2\/posts\/122246"}],"collection":[{"href":"https:\/\/www.politicosdosuldabahia.com.br\/v1\/wp-json\/wp\/v2\/posts"}],"about":[{"href":"https:\/\/www.politicosdosuldabahia.com.br\/v1\/wp-json\/wp\/v2\/types\/post"}],"author":[{"embeddable":true,"href":"https:\/\/www.politicosdosuldabahia.com.br\/v1\/wp-json\/wp\/v2\/users\/2"}],"replies":[{"embeddable":true,"href":"https:\/\/www.politicosdosuldabahia.com.br\/v1\/wp-json\/wp\/v2\/comments?post=122246"}],"version-history":[{"count":2,"href":"https:\/\/www.politicosdosuldabahia.com.br\/v1\/wp-json\/wp\/v2\/posts\/122246\/revisions"}],"predecessor-version":[{"id":122249,"href":"https:\/\/www.politicosdosuldabahia.com.br\/v1\/wp-json\/wp\/v2\/posts\/122246\/revisions\/122249"}],"wp:featuredmedia":[{"embeddable":true,"href":"https:\/\/www.politicosdosuldabahia.com.br\/v1\/wp-json\/wp\/v2\/media\/122247"}],"wp:attachment":[{"href":"https:\/\/www.politicosdosuldabahia.com.br\/v1\/wp-json\/wp\/v2\/media?parent=122246"}],"wp:term":[{"taxonomy":"category","embeddable":true,"href":"https:\/\/www.politicosdosuldabahia.com.br\/v1\/wp-json\/wp\/v2\/categories?post=122246"},{"taxonomy":"post_tag","embeddable":true,"href":"https:\/\/www.politicosdosuldabahia.com.br\/v1\/wp-json\/wp\/v2\/tags?post=122246"}],"curies":[{"name":"wp","href":"https:\/\/api.w.org\/{rel}","templated":true}]}}