
{"id":121221,"date":"2019-06-05T11:35:04","date_gmt":"2019-06-05T14:35:04","guid":{"rendered":"http:\/\/www.politicosdosuldabahia.com.br\/v1\/?p=121221"},"modified":"2019-06-05T11:41:03","modified_gmt":"2019-06-05T14:41:03","slug":"itacare-realiza-ato-em-comemoracao-ao-dia-de-combate-ao-trabalho-infantil","status":"publish","type":"post","link":"https:\/\/www.politicosdosuldabahia.com.br\/v1\/2019\/06\/05\/itacare-realiza-ato-em-comemoracao-ao-dia-de-combate-ao-trabalho-infantil\/","title":{"rendered":"ITACAR\u00c9 REALIZA ATO EM COMEMORA\u00c7\u00c3O AO DIA DE COMBATE AO TRABALHO INFANTIL"},"content":{"rendered":"<div class=\"gmail-\"><\/div>\n<div class=\"gmail-\"><\/div>\n<div class=\"gmail-\">\n<div class=\"gmail-_1mf gmail-_1mj\"><img loading=\"lazy\" decoding=\"async\" class=\"aligncenter wp-image-121222\" src=\"http:\/\/www.politicosdosuldabahia.com.br\/v1\/wp-content\/uploads\/2019\/06\/Trabalho-Infantil-300x225.jpg\" alt=\"Trabalho Infantil\" width=\"455\" height=\"341\" srcset=\"https:\/\/www.politicosdosuldabahia.com.br\/v1\/wp-content\/uploads\/2019\/06\/Trabalho-Infantil-300x225.jpg 300w, https:\/\/www.politicosdosuldabahia.com.br\/v1\/wp-content\/uploads\/2019\/06\/Trabalho-Infantil-768x576.jpg 768w, https:\/\/www.politicosdosuldabahia.com.br\/v1\/wp-content\/uploads\/2019\/06\/Trabalho-Infantil-1024x768.jpg 1024w, https:\/\/www.politicosdosuldabahia.com.br\/v1\/wp-content\/uploads\/2019\/06\/Trabalho-Infantil.jpg 1280w\" sizes=\"(max-width: 455px) 100vw, 455px\" \/><\/div>\n<\/div>\n<div class=\"gmail-\">\n<h3 class=\"gmail-_1mf gmail-_1mj\" style=\"text-align: justify\">Para comemorar o Dia Mundial de Combate ao Trabalho Infantil, a Prefeitura de Itacar\u00e9, atrav\u00e9s da Secretaria de Desenvolvimento Social, estar\u00e1 realizando no pr\u00f3ximo dia 12 de junho uma reuni\u00e3o com pais e respons\u00e1veis para discutir as conseq\u00fc\u00eancias da explora\u00e7\u00e3o do trabalho e o que trata a legisla\u00e7\u00e3o sobre o assunto. O encontro acontecer\u00e1 \u00e0s 14 horas na Casa dos Conselhos e \u00e9 aberto a toda a comunidade, para que todos juntos possam para combater o trabalho infantil.<\/h3>\n<\/div>\n<h3 class=\"gmail-\" style=\"text-align: justify\">A reuni\u00e3o ter\u00e1 como tema \u201cUma cidade preocupada com seu desenvolvimento protege suas crian\u00e7as e adolescentes do trabalho infantil. A implica\u00e7\u00e3o dessa viola\u00e7\u00e3o na perspectiva do Programa Bolsa fam\u00edlia\u201d. A proposta, segundo explicou a secret\u00e1ria de Desenvolvimento Social, Patr\u00edcia Leal, \u00e9 realizar uma campanha de sensibiliza\u00e7\u00e3o e mobiliza\u00e7\u00e3o da popula\u00e7\u00e3o, para que todos possam conhecer a legisla\u00e7\u00e3o e combater essa a\u00e7\u00e3o da explora\u00e7\u00e3o do trabalho infantil em Itacar\u00e9.<\/h3>\n<h3 class=\"gmail-_1mf gmail-_1mj\" style=\"text-align: justify\">O dia 12 de junho, Dia Mundial contra o Trabalho Infantil, foi institu\u00eddo pela Organiza\u00e7\u00e3o Internacional do Trabalho (OIT) em 2002, ano da apresenta\u00e7\u00e3o do primeiro relat\u00f3rio global sobre o trabalho infantil na Confer\u00eancia Internacional do Trabalho. Desde 2002, a OIT convoca a sociedade, os trabalhadores, os empregadores e os governos do mundo todo a se mobilizarem contra o trabalho infantil. No Brasil, o 12 de junho foi institu\u00eddo como Dia Nacional de Combate ao Trabalho Infantil pela Lei N\u00ba 11.542\/2007.<\/h3>\n","protected":false},"excerpt":{"rendered":"<p>Para comemorar o Dia Mundial de Combate ao Trabalho Infantil, a Prefeitura de Itacar\u00e9, atrav\u00e9s da Secretaria de Desenvolvimento Social, estar\u00e1 realizando no pr\u00f3ximo dia 12 de junho uma reuni\u00e3o com pais e respons\u00e1veis para discutir as conseq\u00fc\u00eancias da explora\u00e7\u00e3o do trabalho e o que trata a legisla\u00e7\u00e3o sobre o assunto. O encontro acontecer\u00e1 \u00e0s [&hellip;]<\/p>\n","protected":false},"author":992,"featured_media":0,"comment_status":"open","ping_status":"open","sticky":false,"template":"","format":"standard","meta":{"footnotes":"","_links_to":"","_links_to_target":""},"categories":[1],"tags":[],"class_list":["post-121221","post","type-post","status-publish","format-standard","hentry","category-geral"],"views":649,"_links":{"self":[{"href":"https:\/\/www.politicosdosuldabahia.com.br\/v1\/wp-json\/wp\/v2\/posts\/121221"}],"collection":[{"href":"https:\/\/www.politicosdosuldabahia.com.br\/v1\/wp-json\/wp\/v2\/posts"}],"about":[{"href":"https:\/\/www.politicosdosuldabahia.com.br\/v1\/wp-json\/wp\/v2\/types\/post"}],"author":[{"embeddable":true,"href":"https:\/\/www.politicosdosuldabahia.com.br\/v1\/wp-json\/wp\/v2\/users\/992"}],"replies":[{"embeddable":true,"href":"https:\/\/www.politicosdosuldabahia.com.br\/v1\/wp-json\/wp\/v2\/comments?post=121221"}],"version-history":[{"count":2,"href":"https:\/\/www.politicosdosuldabahia.com.br\/v1\/wp-json\/wp\/v2\/posts\/121221\/revisions"}],"predecessor-version":[{"id":121227,"href":"https:\/\/www.politicosdosuldabahia.com.br\/v1\/wp-json\/wp\/v2\/posts\/121221\/revisions\/121227"}],"wp:attachment":[{"href":"https:\/\/www.politicosdosuldabahia.com.br\/v1\/wp-json\/wp\/v2\/media?parent=121221"}],"wp:term":[{"taxonomy":"category","embeddable":true,"href":"https:\/\/www.politicosdosuldabahia.com.br\/v1\/wp-json\/wp\/v2\/categories?post=121221"},{"taxonomy":"post_tag","embeddable":true,"href":"https:\/\/www.politicosdosuldabahia.com.br\/v1\/wp-json\/wp\/v2\/tags?post=121221"}],"curies":[{"name":"wp","href":"https:\/\/api.w.org\/{rel}","templated":true}]}}