
{"id":121168,"date":"2019-06-03T22:34:54","date_gmt":"2019-06-04T01:34:54","guid":{"rendered":"http:\/\/www.politicosdosuldabahia.com.br\/v1\/?p=121168"},"modified":"2019-06-03T22:35:44","modified_gmt":"2019-06-04T01:35:44","slug":"camacan-prefeito-reage-bem-a-tratamento","status":"publish","type":"post","link":"https:\/\/www.politicosdosuldabahia.com.br\/v1\/2019\/06\/03\/camacan-prefeito-reage-bem-a-tratamento\/","title":{"rendered":"CAMACAN: PREFEITO REAGE BEM A TRATAMENTO"},"content":{"rendered":"<p><a href=\"http:\/\/www.politicosdosuldabahia.com.br\/v1\/2019\/05\/23\/camacan-prefeito-continua-internado-e-nao-precisara-passar-por-cirurgia\/oziel_camara\/\" rel=\"attachment wp-att-120678\"><img loading=\"lazy\" decoding=\"async\" class=\"aligncenter size-full wp-image-120678\" src=\"http:\/\/www.politicosdosuldabahia.com.br\/v1\/wp-content\/uploads\/2019\/05\/oziel_camara.jpg\" alt=\"oziel_camara\" width=\"344\" height=\"336\" srcset=\"https:\/\/www.politicosdosuldabahia.com.br\/v1\/wp-content\/uploads\/2019\/05\/oziel_camara.jpg 344w, https:\/\/www.politicosdosuldabahia.com.br\/v1\/wp-content\/uploads\/2019\/05\/oziel_camara-300x293.jpg 300w\" sizes=\"(max-width: 344px) 100vw, 344px\" \/><\/a><\/p>\n<h3 style=\"text-align: justify;\">O prefeito licenciado de Camacan, Oziel da Ambul\u00e2ncia (PSD) tem reagido bem ao tratamento recebido no hospital Santa Isabel, em Salvador. Ele foi internado no dia 19 de maio no hospital Costa do Cacau, em Ilh\u00e9us, j\u00e1 no dia 31 foi transferido de UTI a\u00e9rea para Salvador.<\/h3>\n<h3 style=\"text-align: justify;\">Oziel foi diagnosticado com pancreatite e depois teve derrame pleural. Segundo familiares, ele tem se recuperado bem e nesta ter\u00e7a-feira ser\u00e1 feita uma nova avalia\u00e7\u00e3o.<\/h3>\n<h3 style=\"text-align: justify;\">Em virtude do afastamento do titular, o vice-prefeito Paulo do G\u00e1s (Podemos) assumiu o cargo.<\/h3>\n","protected":false},"excerpt":{"rendered":"<p>O prefeito licenciado de Camacan, Oziel da Ambul\u00e2ncia (PSD) tem reagido bem ao tratamento recebido no hospital Santa Isabel, em Salvador. Ele foi internado no dia 19 de maio no hospital Costa do Cacau, em Ilh\u00e9us, j\u00e1 no dia 31 foi transferido de UTI a\u00e9rea para Salvador. Oziel foi diagnosticado com pancreatite e depois teve [&hellip;]<\/p>\n","protected":false},"author":2,"featured_media":120678,"comment_status":"open","ping_status":"open","sticky":false,"template":"","format":"standard","meta":{"footnotes":"","_links_to":"","_links_to_target":""},"categories":[24,1],"tags":[],"class_list":["post-121168","post","type-post","status-publish","format-standard","has-post-thumbnail","hentry","category-destaque2","category-geral"],"views":1703,"_links":{"self":[{"href":"https:\/\/www.politicosdosuldabahia.com.br\/v1\/wp-json\/wp\/v2\/posts\/121168"}],"collection":[{"href":"https:\/\/www.politicosdosuldabahia.com.br\/v1\/wp-json\/wp\/v2\/posts"}],"about":[{"href":"https:\/\/www.politicosdosuldabahia.com.br\/v1\/wp-json\/wp\/v2\/types\/post"}],"author":[{"embeddable":true,"href":"https:\/\/www.politicosdosuldabahia.com.br\/v1\/wp-json\/wp\/v2\/users\/2"}],"replies":[{"embeddable":true,"href":"https:\/\/www.politicosdosuldabahia.com.br\/v1\/wp-json\/wp\/v2\/comments?post=121168"}],"version-history":[{"count":1,"href":"https:\/\/www.politicosdosuldabahia.com.br\/v1\/wp-json\/wp\/v2\/posts\/121168\/revisions"}],"predecessor-version":[{"id":121169,"href":"https:\/\/www.politicosdosuldabahia.com.br\/v1\/wp-json\/wp\/v2\/posts\/121168\/revisions\/121169"}],"wp:featuredmedia":[{"embeddable":true,"href":"https:\/\/www.politicosdosuldabahia.com.br\/v1\/wp-json\/wp\/v2\/media\/120678"}],"wp:attachment":[{"href":"https:\/\/www.politicosdosuldabahia.com.br\/v1\/wp-json\/wp\/v2\/media?parent=121168"}],"wp:term":[{"taxonomy":"category","embeddable":true,"href":"https:\/\/www.politicosdosuldabahia.com.br\/v1\/wp-json\/wp\/v2\/categories?post=121168"},{"taxonomy":"post_tag","embeddable":true,"href":"https:\/\/www.politicosdosuldabahia.com.br\/v1\/wp-json\/wp\/v2\/tags?post=121168"}],"curies":[{"name":"wp","href":"https:\/\/api.w.org\/{rel}","templated":true}]}}