
{"id":119539,"date":"2019-04-26T10:34:56","date_gmt":"2019-04-26T13:34:56","guid":{"rendered":"http:\/\/www.politicosdosuldabahia.com.br\/v1\/?p=119539"},"modified":"2019-04-26T10:39:24","modified_gmt":"2019-04-26T13:39:24","slug":"conquista-pf-deflagra-2a-fase-da-operacao-condotiere-vereador-e-pivo-de-caso","status":"publish","type":"post","link":"https:\/\/www.politicosdosuldabahia.com.br\/v1\/2019\/04\/26\/conquista-pf-deflagra-2a-fase-da-operacao-condotiere-vereador-e-pivo-de-caso\/","title":{"rendered":"CONQUISTA: PF DEFLAGRA 2\u00aa FASE DA OPERA\u00c7\u00c3O CONDOTIERE; VEREADOR \u00c9 PIV\u00d4 DE CASO"},"content":{"rendered":"<p><a href=\"http:\/\/www.politicosdosuldabahia.com.br\/v1\/2019\/01\/28\/salvador-policia-federal-deflagra-operacao-de-combate-a-corrupcao\/policial-federal-pf-curitiba-20161031-0014\/\" rel=\"attachment wp-att-116336\"><img loading=\"lazy\" decoding=\"async\" class=\"aligncenter size-full wp-image-116336\" src=\"http:\/\/www.politicosdosuldabahia.com.br\/v1\/wp-content\/uploads\/2019\/01\/policial-federal-pf-curitiba-20161031-0014-e1549551404455.jpg\" alt=\"policial-federal-pf-curitiba-20161031-0014\" width=\"455\" height=\"303\" \/><\/a><\/p>\n<h3 style=\"text-align: justify;\">Do \u201cBahia Noticias\u201d<\/h3>\n<h3 style=\"text-align: justify;\">Policiais federais realizam na manh\u00e3 desta sexta-feira (26) em Vit\u00f3ria da Conquista, no sudoeste, a segunda fase da Opera\u00e7\u00e3o Condotiere. A a\u00e7\u00e3o investiga crimes eleitorais supostamente cometidos em 2016 pelo vereador, eleito no mesmo pleito, Rodrigo Moreira. Ap\u00f3s a primeira fase da Opera\u00e7\u00e3o, ocorrido em 30 de agosto do ano passado, o vereador acusado, Rodrigo Moreira, chegou a ser afastado pela C\u00e2mara. Ele foi reconduzido ao cargo tr\u00eas meses depois, em novembro, ap\u00f3s decis\u00e3o do TRE-BA .<\/h3>\n<h3 style=\"text-align: justify;\">Ao todo s\u00e3o cumpridos quatro mandados de busca e apreens\u00e3o, quatro de medidas cauletares e cinco de intima\u00e7\u00e3o. Nesta Condotiere 2 s\u00e3o investigadas as condutas de alguns dos indiciados que tentam atrapalhar as investiga\u00e7\u00f5es da Opera\u00e7\u00e3o. Segundo a Pol\u00edcia Federal, Rodrigo Moreira, ent\u00e3o candidato em 2016, teria oferecido emprego no novo pres\u00eddio de Vit\u00f3ria da Conquista a eleitores da cidade. \u00c0 \u00e9poca, a nova unidade prisional estava prestes a ser inaugurada.<\/h3>\n","protected":false},"excerpt":{"rendered":"<p>Do \u201cBahia Noticias\u201d Policiais federais realizam na manh\u00e3 desta sexta-feira (26) em Vit\u00f3ria da Conquista, no sudoeste, a segunda fase da Opera\u00e7\u00e3o Condotiere. A a\u00e7\u00e3o investiga crimes eleitorais supostamente cometidos em 2016 pelo vereador, eleito no mesmo pleito, Rodrigo Moreira. Ap\u00f3s a primeira fase da Opera\u00e7\u00e3o, ocorrido em 30 de agosto do ano passado, o [&hellip;]<\/p>\n","protected":false},"author":2,"featured_media":116336,"comment_status":"open","ping_status":"open","sticky":false,"template":"","format":"standard","meta":{"footnotes":"","_links_to":"","_links_to_target":""},"categories":[24,1],"tags":[],"class_list":["post-119539","post","type-post","status-publish","format-standard","has-post-thumbnail","hentry","category-destaque2","category-geral"],"views":1177,"_links":{"self":[{"href":"https:\/\/www.politicosdosuldabahia.com.br\/v1\/wp-json\/wp\/v2\/posts\/119539"}],"collection":[{"href":"https:\/\/www.politicosdosuldabahia.com.br\/v1\/wp-json\/wp\/v2\/posts"}],"about":[{"href":"https:\/\/www.politicosdosuldabahia.com.br\/v1\/wp-json\/wp\/v2\/types\/post"}],"author":[{"embeddable":true,"href":"https:\/\/www.politicosdosuldabahia.com.br\/v1\/wp-json\/wp\/v2\/users\/2"}],"replies":[{"embeddable":true,"href":"https:\/\/www.politicosdosuldabahia.com.br\/v1\/wp-json\/wp\/v2\/comments?post=119539"}],"version-history":[{"count":1,"href":"https:\/\/www.politicosdosuldabahia.com.br\/v1\/wp-json\/wp\/v2\/posts\/119539\/revisions"}],"predecessor-version":[{"id":119540,"href":"https:\/\/www.politicosdosuldabahia.com.br\/v1\/wp-json\/wp\/v2\/posts\/119539\/revisions\/119540"}],"wp:featuredmedia":[{"embeddable":true,"href":"https:\/\/www.politicosdosuldabahia.com.br\/v1\/wp-json\/wp\/v2\/media\/116336"}],"wp:attachment":[{"href":"https:\/\/www.politicosdosuldabahia.com.br\/v1\/wp-json\/wp\/v2\/media?parent=119539"}],"wp:term":[{"taxonomy":"category","embeddable":true,"href":"https:\/\/www.politicosdosuldabahia.com.br\/v1\/wp-json\/wp\/v2\/categories?post=119539"},{"taxonomy":"post_tag","embeddable":true,"href":"https:\/\/www.politicosdosuldabahia.com.br\/v1\/wp-json\/wp\/v2\/tags?post=119539"}],"curies":[{"name":"wp","href":"https:\/\/api.w.org\/{rel}","templated":true}]}}