
{"id":119526,"date":"2019-04-25T22:28:42","date_gmt":"2019-04-26T01:28:42","guid":{"rendered":"http:\/\/www.politicosdosuldabahia.com.br\/v1\/?p=119526"},"modified":"2019-04-26T10:40:26","modified_gmt":"2019-04-26T13:40:26","slug":"itabuna-augusto-castro-sai-do-psdb","status":"publish","type":"post","link":"https:\/\/www.politicosdosuldabahia.com.br\/v1\/2019\/04\/25\/itabuna-augusto-castro-sai-do-psdb\/","title":{"rendered":"ITABUNA: AUGUSTO CASTRO SAI DO PSDB"},"content":{"rendered":"<p><a href=\"http:\/\/www.politicosdosuldabahia.com.br\/v1\/2018\/03\/23\/bahia-augusto-castro-condena-aumento-em-taxas-do-detran\/augusto-castro-e1440535431588\/\" rel=\"attachment wp-att-104515\"><img loading=\"lazy\" decoding=\"async\" class=\"aligncenter size-full wp-image-104515\" src=\"http:\/\/www.politicosdosuldabahia.com.br\/v1\/wp-content\/uploads\/2018\/03\/Augusto-Castro-e1548173117841.jpg\" alt=\"Augusto-Castro-e1440535431588\" width=\"460\" height=\"347\" \/><\/a><\/p>\n<h3 style=\"text-align: justify;\">Nesta quinta-feira o ex-deputado estadual Augusto Castro entregou na sede do PSDB na Bahia a sua desfilia\u00e7\u00e3o do partido. Castro ficou por 15 anos no partido e foi deputado de 2011 a 2018 pelo PSDB.<\/h3>\n<h3 style=\"text-align: justify;\">A sa\u00edda de Augusto Castro foi na v\u00e9spera da conven\u00e7\u00e3o do diret\u00f3rio estadual do partido, que acontece nesta sexta-feira na capital.<\/h3>\n<h3 style=\"text-align: justify;\">O blog manteve contato com o ex-deputado e questionou sobre seu futuro partid\u00e1rio:<\/h3>\n<h3 style=\"text-align: justify;\">\u201cDecidimos sair do PSDB e vamos avaliar alguns convites, o momento \u00e9 de conversar para tomar a decis\u00e3o no momento certo\u201d, declarou Augusto.<\/h3>\n<h3 style=\"text-align: justify;\">Nos bastidores o coment\u00e1rio \u00e9 que Augusto Castro pode se filiar em um partido da base do governador Rui Costa, ele j\u00e1 teria sido convidado pelo PP e PSD.<\/h3>\n","protected":false},"excerpt":{"rendered":"<p>Nesta quinta-feira o ex-deputado estadual Augusto Castro entregou na sede do PSDB na Bahia a sua desfilia\u00e7\u00e3o do partido. Castro ficou por 15 anos no partido e foi deputado de 2011 a 2018 pelo PSDB. A sa\u00edda de Augusto Castro foi na v\u00e9spera da conven\u00e7\u00e3o do diret\u00f3rio estadual do partido, que acontece nesta sexta-feira na [&hellip;]<\/p>\n","protected":false},"author":2,"featured_media":104515,"comment_status":"open","ping_status":"open","sticky":false,"template":"","format":"standard","meta":{"footnotes":"","_links_to":"","_links_to_target":""},"categories":[23,1],"tags":[],"class_list":["post-119526","post","type-post","status-publish","format-standard","has-post-thumbnail","hentry","category-destaque1","category-geral"],"views":1932,"_links":{"self":[{"href":"https:\/\/www.politicosdosuldabahia.com.br\/v1\/wp-json\/wp\/v2\/posts\/119526"}],"collection":[{"href":"https:\/\/www.politicosdosuldabahia.com.br\/v1\/wp-json\/wp\/v2\/posts"}],"about":[{"href":"https:\/\/www.politicosdosuldabahia.com.br\/v1\/wp-json\/wp\/v2\/types\/post"}],"author":[{"embeddable":true,"href":"https:\/\/www.politicosdosuldabahia.com.br\/v1\/wp-json\/wp\/v2\/users\/2"}],"replies":[{"embeddable":true,"href":"https:\/\/www.politicosdosuldabahia.com.br\/v1\/wp-json\/wp\/v2\/comments?post=119526"}],"version-history":[{"count":1,"href":"https:\/\/www.politicosdosuldabahia.com.br\/v1\/wp-json\/wp\/v2\/posts\/119526\/revisions"}],"predecessor-version":[{"id":119527,"href":"https:\/\/www.politicosdosuldabahia.com.br\/v1\/wp-json\/wp\/v2\/posts\/119526\/revisions\/119527"}],"wp:featuredmedia":[{"embeddable":true,"href":"https:\/\/www.politicosdosuldabahia.com.br\/v1\/wp-json\/wp\/v2\/media\/104515"}],"wp:attachment":[{"href":"https:\/\/www.politicosdosuldabahia.com.br\/v1\/wp-json\/wp\/v2\/media?parent=119526"}],"wp:term":[{"taxonomy":"category","embeddable":true,"href":"https:\/\/www.politicosdosuldabahia.com.br\/v1\/wp-json\/wp\/v2\/categories?post=119526"},{"taxonomy":"post_tag","embeddable":true,"href":"https:\/\/www.politicosdosuldabahia.com.br\/v1\/wp-json\/wp\/v2\/tags?post=119526"}],"curies":[{"name":"wp","href":"https:\/\/api.w.org\/{rel}","templated":true}]}}