
{"id":118019,"date":"2019-03-21T12:01:24","date_gmt":"2019-03-21T15:01:24","guid":{"rendered":"http:\/\/www.politicosdosuldabahia.com.br\/v1\/?p=118019"},"modified":"2019-03-21T12:02:26","modified_gmt":"2019-03-21T15:02:26","slug":"michel-temer-e-preso-pela-lava-jato-do-rj-pf-faz-buscas-por-moreira-franco","status":"publish","type":"post","link":"https:\/\/www.politicosdosuldabahia.com.br\/v1\/2019\/03\/21\/michel-temer-e-preso-pela-lava-jato-do-rj-pf-faz-buscas-por-moreira-franco\/","title":{"rendered":"MICHEL TEMER \u00c9 PRESO PELA LAVA JATO DO RJ; PF FAZ BUSCAS POR MOREIRA FRANCO"},"content":{"rendered":"<p>&nbsp;<\/p>\n<h3 class=\"content-head__subtitle\" style=\"text-align: center\"><img loading=\"lazy\" decoding=\"async\" class=\"alignnone wp-image-118021\" src=\"http:\/\/www.politicosdosuldabahia.com.br\/v1\/wp-content\/uploads\/2019\/03\/noti-1553178660-300x200.jpg\" alt=\"noti-1553178660\" width=\"455\" height=\"303\" srcset=\"https:\/\/www.politicosdosuldabahia.com.br\/v1\/wp-content\/uploads\/2019\/03\/noti-1553178660-300x200.jpg 300w, https:\/\/www.politicosdosuldabahia.com.br\/v1\/wp-content\/uploads\/2019\/03\/noti-1553178660.jpg 601w\" sizes=\"(max-width: 455px) 100vw, 455px\" \/><\/h3>\n<h3 class=\"content-head__subtitle\" style=\"text-align: left\">&#8220;Por G1&#8221;<\/h3>\n<h3 class=\"content-head__subtitle\" style=\"text-align: center\"><strong><em>Mandados foram expedidos pelo juiz Marcelo Bretas, da Justi\u00e7a Federal do Rio de Janeiro. Procurada pela G1, a defesa do ex-presidente n\u00e3o atendeu.<\/em><\/strong><\/h3>\n<h3 style=\"text-align: justify\">O ex-presidente Michel Temer foi preso em S\u00e3o Paulo na manh\u00e3 desta quinta-feira (21) pela for\u00e7a-tarefa da Lava Jato do Rio de Janeiro. Os agentes ainda tentam cumprir mandados contra Moreira Franco, ex-ministro de Minas e Energia e mais seis pessoas, entre elas empres\u00e1rios.<\/h3>\n<h3 style=\"text-align: justify\">Preso, Temer ser\u00e1 levado para o Aeroporto de Guarulhos, onde vai embarcar em um voo e ser\u00e1 levado ao Rio de Janeiro em um avi\u00e3o da Pol\u00edcia Federal. O ex-presidente deve fazer exame de corpo de delito no IML em um local reservado e n\u00e3o deve ser levado \u00e0 sede da PF de S\u00e3o Paulo, na Lapa.<\/h3>\n<h3 style=\"text-align: justify\">Os mandados foram expedidos pelo juiz Marcelo Bretas, da 7\u00aa Vara Federal Criminal do Rio, respons\u00e1vel pela Lava Jato no Rio de Janeiro.<\/h3>\n<h3 style=\"text-align: justify\">O ex-presidente Michel Temer responde a dez inqu\u00e9ritos. Cinco deles tramitavam no Supremo Tribunal Federal (STF), pois foram abertos \u00e0 \u00e9poca em que o emedebista era presidente da Rep\u00fablica e foram encaminhados \u00e0 primeira inst\u00e2ncia depois que ele deixou o cargo. Os outros cinco foram autorizados pelo ministro Lu\u00eds Roberto Barroso em 2019, quando Temer j\u00e1 n\u00e3o tinha mais foro privilegiado. Por isso, assim que deu a autoriza\u00e7\u00e3o, o ministro enviou os inqu\u00e9ritos para a primeira inst\u00e2ncia.<\/h3>\n<h3 style=\"text-align: justify\">Entre outras investiga\u00e7\u00f5es, Temer \u00e9 um dos alvos da Lava Jato do Rio. O caso, que est\u00e1 com o juiz Marcelo Bretas, trata das den\u00fancias do delator Jos\u00e9 Antunes Sobrinho, dono da Engevix. O empres\u00e1rio disse \u00e0 Pol\u00edcia Federal que pagou R$ 1 milh\u00e3o em propina, a pedido do coronel Jo\u00e3o Baptista Lima Filho (amigo de Temer), do ex-ministro Moreira Franco e com o conhecimento do presidente Michel Temer. A Engevix fechou um contrato em um projeto da usina de Angra 3.<\/h3>\n<p>&nbsp;<\/p>\n","protected":false},"excerpt":{"rendered":"<p>&nbsp; &#8220;Por G1&#8221; Mandados foram expedidos pelo juiz Marcelo Bretas, da Justi\u00e7a Federal do Rio de Janeiro. Procurada pela G1, a defesa do ex-presidente n\u00e3o atendeu. O ex-presidente Michel Temer foi preso em S\u00e3o Paulo na manh\u00e3 desta quinta-feira (21) pela for\u00e7a-tarefa da Lava Jato do Rio de Janeiro. Os agentes ainda tentam cumprir mandados [&hellip;]<\/p>\n","protected":false},"author":992,"featured_media":0,"comment_status":"open","ping_status":"open","sticky":false,"template":"","format":"standard","meta":{"footnotes":"","_links_to":"","_links_to_target":""},"categories":[23],"tags":[],"class_list":["post-118019","post","type-post","status-publish","format-standard","hentry","category-destaque1"],"views":1039,"_links":{"self":[{"href":"https:\/\/www.politicosdosuldabahia.com.br\/v1\/wp-json\/wp\/v2\/posts\/118019"}],"collection":[{"href":"https:\/\/www.politicosdosuldabahia.com.br\/v1\/wp-json\/wp\/v2\/posts"}],"about":[{"href":"https:\/\/www.politicosdosuldabahia.com.br\/v1\/wp-json\/wp\/v2\/types\/post"}],"author":[{"embeddable":true,"href":"https:\/\/www.politicosdosuldabahia.com.br\/v1\/wp-json\/wp\/v2\/users\/992"}],"replies":[{"embeddable":true,"href":"https:\/\/www.politicosdosuldabahia.com.br\/v1\/wp-json\/wp\/v2\/comments?post=118019"}],"version-history":[{"count":2,"href":"https:\/\/www.politicosdosuldabahia.com.br\/v1\/wp-json\/wp\/v2\/posts\/118019\/revisions"}],"predecessor-version":[{"id":118023,"href":"https:\/\/www.politicosdosuldabahia.com.br\/v1\/wp-json\/wp\/v2\/posts\/118019\/revisions\/118023"}],"wp:attachment":[{"href":"https:\/\/www.politicosdosuldabahia.com.br\/v1\/wp-json\/wp\/v2\/media?parent=118019"}],"wp:term":[{"taxonomy":"category","embeddable":true,"href":"https:\/\/www.politicosdosuldabahia.com.br\/v1\/wp-json\/wp\/v2\/categories?post=118019"},{"taxonomy":"post_tag","embeddable":true,"href":"https:\/\/www.politicosdosuldabahia.com.br\/v1\/wp-json\/wp\/v2\/tags?post=118019"}],"curies":[{"name":"wp","href":"https:\/\/api.w.org\/{rel}","templated":true}]}}