
{"id":117643,"date":"2019-03-11T15:48:18","date_gmt":"2019-03-11T18:48:18","guid":{"rendered":"http:\/\/www.politicosdosuldabahia.com.br\/v1\/?p=117643"},"modified":"2019-03-11T15:52:19","modified_gmt":"2019-03-11T18:52:19","slug":"ilheus-prefeitura-pretende-economizar-r-1-milhao-com-reforma-administrativa","status":"publish","type":"post","link":"https:\/\/www.politicosdosuldabahia.com.br\/v1\/2019\/03\/11\/ilheus-prefeitura-pretende-economizar-r-1-milhao-com-reforma-administrativa\/","title":{"rendered":"ILH\u00c9US: PREFEITURA PRETENDE ECONOMIZAR R$ 1 MILH\u00c3O  COM REFORMA ADMINISTRATIVA"},"content":{"rendered":"<p><img loading=\"lazy\" decoding=\"async\" class=\"aligncenter size-full wp-image-104734\" src=\"http:\/\/www.politicosdosuldabahia.com.br\/v1\/wp-content\/uploads\/2018\/03\/Centro-Administrativo-de-Ilh\u00e9us-Clo-6.jpg\" alt=\"Centro Administrativo de Ilh\u00e9us- Clo (6)\" width=\"445\" height=\"251\" srcset=\"https:\/\/www.politicosdosuldabahia.com.br\/v1\/wp-content\/uploads\/2018\/03\/Centro-Administrativo-de-Ilh\u00e9us-Clo-6.jpg 445w, https:\/\/www.politicosdosuldabahia.com.br\/v1\/wp-content\/uploads\/2018\/03\/Centro-Administrativo-de-Ilh\u00e9us-Clo-6-300x169.jpg 300w\" sizes=\"(max-width: 445px) 100vw, 445px\" \/><\/p>\n<h3 style=\"text-align: justify;\">O prefeito de Ilh\u00e9us, Mar\u00e3o (PSD), enviou na semana passada para a c\u00e2mara de vereadores o projeto de reforma administrativa. O objetivo da a\u00e7\u00e3o \u00e9 provocar uma maior efici\u00eancia na gest\u00e3o e presta\u00e7\u00e3o de servi\u00e7os p\u00fablicos.<\/h3>\n<h3 style=\"text-align: justify;\">O n\u00famero total de secret\u00e1rias\u00a0vai\u00a0 diminuir, assim como os cargos de confian\u00e7as, gerando uma economia mensal de at\u00e9 R$ 100 mil.<\/h3>\n<h3 style=\"text-align: justify;\">A reforma administrativa precisa ser aprovada pelos vereadores antes de entrar em vigor.<\/h3>\n<h3 style=\"text-align: justify;\">O blog teve acesso ao projeto, veja abaixo como ficar\u00e1 a estrutura:<\/h3>\n<h3 style=\"text-align: justify;\">Secretarias:<\/h3>\n<h3 style=\"text-align: justify;\">secretaria de administra\u00e7\u00e3o em secretaria de gest\u00e3o e tecnologia.<br \/>\nSecretaria de fazenda e or\u00e7amento<br \/>\nSecretaria de comunica\u00e7\u00e3o<br \/>\nSecretaria de educa\u00e7\u00e3o<br \/>\nSecretaria de sa\u00fade<br \/>\nSecretaria de desenvolvimento econ\u00f4mico, meio ambiente e urbanismo<br \/>\nSecretaria de infraestrutura e defesa civil<br \/>\nSecretaria de servi\u00e7os urbanos<br \/>\nSecretaria de cultura e turismo<br \/>\nSecretaria de assist\u00eancia social<br \/>\nSecretaria de mobilidade e ordem p\u00fablica<\/h3>\n","protected":false},"excerpt":{"rendered":"<p>O prefeito de Ilh\u00e9us, Mar\u00e3o (PSD), enviou na semana passada para a c\u00e2mara de vereadores o projeto de reforma administrativa. O objetivo da a\u00e7\u00e3o \u00e9 provocar uma maior efici\u00eancia na gest\u00e3o e presta\u00e7\u00e3o de servi\u00e7os p\u00fablicos. O n\u00famero total de secret\u00e1rias\u00a0vai\u00a0 diminuir, assim como os cargos de confian\u00e7as, gerando uma economia mensal de at\u00e9 R$ [&hellip;]<\/p>\n","protected":false},"author":2,"featured_media":98687,"comment_status":"open","ping_status":"open","sticky":false,"template":"","format":"standard","meta":{"footnotes":"","_links_to":"","_links_to_target":""},"categories":[24,1],"tags":[],"class_list":["post-117643","post","type-post","status-publish","format-standard","has-post-thumbnail","hentry","category-destaque2","category-geral"],"views":1379,"_links":{"self":[{"href":"https:\/\/www.politicosdosuldabahia.com.br\/v1\/wp-json\/wp\/v2\/posts\/117643"}],"collection":[{"href":"https:\/\/www.politicosdosuldabahia.com.br\/v1\/wp-json\/wp\/v2\/posts"}],"about":[{"href":"https:\/\/www.politicosdosuldabahia.com.br\/v1\/wp-json\/wp\/v2\/types\/post"}],"author":[{"embeddable":true,"href":"https:\/\/www.politicosdosuldabahia.com.br\/v1\/wp-json\/wp\/v2\/users\/2"}],"replies":[{"embeddable":true,"href":"https:\/\/www.politicosdosuldabahia.com.br\/v1\/wp-json\/wp\/v2\/comments?post=117643"}],"version-history":[{"count":1,"href":"https:\/\/www.politicosdosuldabahia.com.br\/v1\/wp-json\/wp\/v2\/posts\/117643\/revisions"}],"predecessor-version":[{"id":117644,"href":"https:\/\/www.politicosdosuldabahia.com.br\/v1\/wp-json\/wp\/v2\/posts\/117643\/revisions\/117644"}],"wp:featuredmedia":[{"embeddable":true,"href":"https:\/\/www.politicosdosuldabahia.com.br\/v1\/wp-json\/wp\/v2\/media\/98687"}],"wp:attachment":[{"href":"https:\/\/www.politicosdosuldabahia.com.br\/v1\/wp-json\/wp\/v2\/media?parent=117643"}],"wp:term":[{"taxonomy":"category","embeddable":true,"href":"https:\/\/www.politicosdosuldabahia.com.br\/v1\/wp-json\/wp\/v2\/categories?post=117643"},{"taxonomy":"post_tag","embeddable":true,"href":"https:\/\/www.politicosdosuldabahia.com.br\/v1\/wp-json\/wp\/v2\/tags?post=117643"}],"curies":[{"name":"wp","href":"https:\/\/api.w.org\/{rel}","templated":true}]}}