
{"id":117506,"date":"2019-03-07T09:45:54","date_gmt":"2019-03-07T12:45:54","guid":{"rendered":"http:\/\/www.politicosdosuldabahia.com.br\/v1\/?p=117506"},"modified":"2019-03-07T09:47:46","modified_gmt":"2019-03-07T12:47:46","slug":"itabuna-vane-sofre-rejeicao-para-retornar-ao-pt","status":"publish","type":"post","link":"https:\/\/www.politicosdosuldabahia.com.br\/v1\/2019\/03\/07\/itabuna-vane-sofre-rejeicao-para-retornar-ao-pt\/","title":{"rendered":"ITABUNA: VANE SOFRE REJEI\u00c7\u00c3O PARA RETORNAR AO PT"},"content":{"rendered":"<p><img loading=\"lazy\" decoding=\"async\" class=\"aligncenter size-full wp-image-82834\" src=\"http:\/\/www.politicosdosuldabahia.com.br\/v1\/wp-content\/uploads\/2016\/04\/vaneeeeeeeeeeeeeeeeeeee-e1547077229533.jpg\" alt=\"vaneeeeeeeeeeeeeeeeeeee\" width=\"455\" height=\"302\" \/><\/p>\n<h3 style=\"text-align: justify;\">O ex-prefeito de Itabuna, Vane do Renascer, est\u00e1 tendo rejei\u00e7\u00e3o para retornar ao PT para ser candidato a prefeito em 2020. Vane n\u00e3o tem boa rela\u00e7\u00e3o com o diret\u00f3rio local e n\u00e3o caiu bem a ida dele a Salvador para se reunir com o deputado federal Joseildo Ramos (PT).<\/h3>\n<h3 style=\"text-align: justify;\">Segundo algumas fontes dentro do PT, \u00e9 quase imposs\u00edvel que Vane consiga se viabilizar como candidato a prefeito do PT em Itabuna. Como na pol\u00edtica n\u00e3o existe imposs\u00edvel, mas \u201csubiu\u201d no telhado a articula\u00e7\u00e3o do ex-prefeito.<\/h3>\n","protected":false},"excerpt":{"rendered":"<p>O ex-prefeito de Itabuna, Vane do Renascer, est\u00e1 tendo rejei\u00e7\u00e3o para retornar ao PT para ser candidato a prefeito em 2020. Vane n\u00e3o tem boa rela\u00e7\u00e3o com o diret\u00f3rio local e n\u00e3o caiu bem a ida dele a Salvador para se reunir com o deputado federal Joseildo Ramos (PT). Segundo algumas fontes dentro do PT, [&hellip;]<\/p>\n","protected":false},"author":2,"featured_media":82834,"comment_status":"open","ping_status":"open","sticky":false,"template":"","format":"standard","meta":{"footnotes":"","_links_to":"","_links_to_target":""},"categories":[25,1],"tags":[],"class_list":["post-117506","post","type-post","status-publish","format-standard","has-post-thumbnail","hentry","category-destaque3","category-geral"],"views":2232,"_links":{"self":[{"href":"https:\/\/www.politicosdosuldabahia.com.br\/v1\/wp-json\/wp\/v2\/posts\/117506"}],"collection":[{"href":"https:\/\/www.politicosdosuldabahia.com.br\/v1\/wp-json\/wp\/v2\/posts"}],"about":[{"href":"https:\/\/www.politicosdosuldabahia.com.br\/v1\/wp-json\/wp\/v2\/types\/post"}],"author":[{"embeddable":true,"href":"https:\/\/www.politicosdosuldabahia.com.br\/v1\/wp-json\/wp\/v2\/users\/2"}],"replies":[{"embeddable":true,"href":"https:\/\/www.politicosdosuldabahia.com.br\/v1\/wp-json\/wp\/v2\/comments?post=117506"}],"version-history":[{"count":1,"href":"https:\/\/www.politicosdosuldabahia.com.br\/v1\/wp-json\/wp\/v2\/posts\/117506\/revisions"}],"predecessor-version":[{"id":117507,"href":"https:\/\/www.politicosdosuldabahia.com.br\/v1\/wp-json\/wp\/v2\/posts\/117506\/revisions\/117507"}],"wp:featuredmedia":[{"embeddable":true,"href":"https:\/\/www.politicosdosuldabahia.com.br\/v1\/wp-json\/wp\/v2\/media\/82834"}],"wp:attachment":[{"href":"https:\/\/www.politicosdosuldabahia.com.br\/v1\/wp-json\/wp\/v2\/media?parent=117506"}],"wp:term":[{"taxonomy":"category","embeddable":true,"href":"https:\/\/www.politicosdosuldabahia.com.br\/v1\/wp-json\/wp\/v2\/categories?post=117506"},{"taxonomy":"post_tag","embeddable":true,"href":"https:\/\/www.politicosdosuldabahia.com.br\/v1\/wp-json\/wp\/v2\/tags?post=117506"}],"curies":[{"name":"wp","href":"https:\/\/api.w.org\/{rel}","templated":true}]}}