
{"id":117290,"date":"2019-02-25T22:15:47","date_gmt":"2019-02-26T01:15:47","guid":{"rendered":"http:\/\/www.politicosdosuldabahia.com.br\/v1\/?p=117290"},"modified":"2019-02-25T22:17:29","modified_gmt":"2019-02-26T01:17:29","slug":"teixeira-de-freitas-prefeitura-decreta-situacao-parecida-a-de-calamidade-financeira","status":"publish","type":"post","link":"https:\/\/www.politicosdosuldabahia.com.br\/v1\/2019\/02\/25\/teixeira-de-freitas-prefeitura-decreta-situacao-parecida-a-de-calamidade-financeira\/","title":{"rendered":"TEIXEIRA DE FREITAS:  PREFEITURA DECRETA SITUA\u00c7\u00c3O PARECIDA A DE \u201cCALAMIDADE FINANCEIRA\u201d"},"content":{"rendered":"<p><img loading=\"lazy\" decoding=\"async\" class=\"aligncenter size-full wp-image-110310\" src=\"http:\/\/www.politicosdosuldabahia.com.br\/v1\/wp-content\/uploads\/2018\/08\/brito.jpg\" alt=\"brito\" width=\"470\" height=\"313\" srcset=\"https:\/\/www.politicosdosuldabahia.com.br\/v1\/wp-content\/uploads\/2018\/08\/brito.jpg 470w, https:\/\/www.politicosdosuldabahia.com.br\/v1\/wp-content\/uploads\/2018\/08\/brito-300x200.jpg 300w\" sizes=\"(max-width: 470px) 100vw, 470px\" \/><\/p>\n<h3 style=\"text-align: justify;\">O prefeito de Teixeira de Freitas, Tim\u00f3teo Brito (PSD), publicou um decreto parecido com o de \u201cCalamidade financeira\u201d. O prefeito alegou a crise financeira para tomar a medida dr\u00e1stica:<\/h3>\n<h3 style=\"text-align: justify;\">\u201cocasionando a redu\u00e7\u00e3o dos repasses de recursos aos Munic\u00edpios, realizados pelos Governos Federal e Estadual, foi o respons\u00e1vel pela ado\u00e7\u00e3o das medidas\u201d.<\/h3>\n<h3 style=\"text-align: justify;\">Pelo decreto, a prefeitura vai tomar algumas medidas, como por exemplo:<\/h3>\n<h3 style=\"text-align: justify;\">\u201cI \u2013 Redimensionamento, para redu\u00e7\u00e3o, do uso da frota municipal, ve\u00edculos locados, telefonia, energia el\u00e9trica, \u00e1gua, material de consumo em geral e realiza\u00e7\u00e3o de horas extraordin\u00e1rias de trabalho; e,<br \/>\nII \u2013 Renegocia\u00e7\u00e3o de todos os contratos vinculados \u00e0 sua pasta, visando a redu\u00e7\u00e3o de valores;<br \/>\nArt. 3\u00ba Fica suspenso todo e qualquer evento festivo que importe em realiza\u00e7\u00e3o de qualquer tipo de despesa com recursos do Er\u00e1rio Municipal.<\/h3>\n<h3 style=\"text-align: justify;\">Art. 4\u00ba \u00c9 vedada a concess\u00e3o de qualquer reajuste que implique no aumento de despesas nos contratos de loca\u00e7\u00e3o de im\u00f3veis, bem como a celebra\u00e7\u00e3o de novos termos contratuais, salvo se decorrer de substitui\u00e7\u00e3o da loca\u00e7\u00e3o para redu\u00e7\u00e3o da despesa.<\/h3>\n<h3 style=\"text-align: justify;\">\u00a7 \u00fanico: Caber\u00e1 \u00e0s Secretarias de Administra\u00e7\u00e3o, Sa\u00fade, Educa\u00e7\u00e3o e Assist\u00eancia Social, negociar junto aos locadores a redu\u00e7\u00e3o dos valores pactuados pelos atuais termos contratuais.<\/h3>\n<h3 style=\"text-align: justify;\">Art. 5\u00ba Caber\u00e1 ao Comit\u00ea Gestor o estudo de viabilidade econ\u00f4mica e sugest\u00e3o de ajustes sobre os atuais contratos de presta\u00e7\u00e3o de servi\u00e7os, hor\u00e1rio do funcionamento das reparti\u00e7\u00f5es p\u00fablicas, contrata\u00e7\u00e3o e nomea\u00e7\u00e3o de servidores, gastos com comunica\u00e7\u00e3o social e remunera\u00e7\u00e3o de pessoal.<\/h3>\n<h3 style=\"text-align: justify;\">Art. 6\u00ba Fica vedado \u00e0 administra\u00e7\u00e3o p\u00fablica direta, em face da necessidade de adequa\u00e7\u00e3o dos \u00edndices de comprometimento das despesas com pessoal, aos limites previstos na Lei Complementar n\u00ba 101\/2000, em especial ao cumprimento do quanto estabelecido nos arts. 20 a 23 de referida lei:<\/h3>\n<p><img loading=\"lazy\" decoding=\"async\" class=\"aligncenter size-full wp-image-117291\" src=\"http:\/\/www.politicosdosuldabahia.com.br\/v1\/wp-content\/uploads\/2019\/02\/teix.jpg\" alt=\"teix\" width=\"460\" height=\"649\" srcset=\"https:\/\/www.politicosdosuldabahia.com.br\/v1\/wp-content\/uploads\/2019\/02\/teix.jpg 460w, https:\/\/www.politicosdosuldabahia.com.br\/v1\/wp-content\/uploads\/2019\/02\/teix-213x300.jpg 213w\" sizes=\"(max-width: 460px) 100vw, 460px\" \/><\/p>\n","protected":false},"excerpt":{"rendered":"<p>O prefeito de Teixeira de Freitas, Tim\u00f3teo Brito (PSD), publicou um decreto parecido com o de \u201cCalamidade financeira\u201d. O prefeito alegou a crise financeira para tomar a medida dr\u00e1stica: \u201cocasionando a redu\u00e7\u00e3o dos repasses de recursos aos Munic\u00edpios, realizados pelos Governos Federal e Estadual, foi o respons\u00e1vel pela ado\u00e7\u00e3o das medidas\u201d. Pelo decreto, a prefeitura [&hellip;]<\/p>\n","protected":false},"author":2,"featured_media":110310,"comment_status":"open","ping_status":"open","sticky":false,"template":"","format":"standard","meta":{"footnotes":"","_links_to":"","_links_to_target":""},"categories":[24,1],"tags":[],"class_list":["post-117290","post","type-post","status-publish","format-standard","has-post-thumbnail","hentry","category-destaque2","category-geral"],"views":1092,"_links":{"self":[{"href":"https:\/\/www.politicosdosuldabahia.com.br\/v1\/wp-json\/wp\/v2\/posts\/117290"}],"collection":[{"href":"https:\/\/www.politicosdosuldabahia.com.br\/v1\/wp-json\/wp\/v2\/posts"}],"about":[{"href":"https:\/\/www.politicosdosuldabahia.com.br\/v1\/wp-json\/wp\/v2\/types\/post"}],"author":[{"embeddable":true,"href":"https:\/\/www.politicosdosuldabahia.com.br\/v1\/wp-json\/wp\/v2\/users\/2"}],"replies":[{"embeddable":true,"href":"https:\/\/www.politicosdosuldabahia.com.br\/v1\/wp-json\/wp\/v2\/comments?post=117290"}],"version-history":[{"count":1,"href":"https:\/\/www.politicosdosuldabahia.com.br\/v1\/wp-json\/wp\/v2\/posts\/117290\/revisions"}],"predecessor-version":[{"id":117292,"href":"https:\/\/www.politicosdosuldabahia.com.br\/v1\/wp-json\/wp\/v2\/posts\/117290\/revisions\/117292"}],"wp:featuredmedia":[{"embeddable":true,"href":"https:\/\/www.politicosdosuldabahia.com.br\/v1\/wp-json\/wp\/v2\/media\/110310"}],"wp:attachment":[{"href":"https:\/\/www.politicosdosuldabahia.com.br\/v1\/wp-json\/wp\/v2\/media?parent=117290"}],"wp:term":[{"taxonomy":"category","embeddable":true,"href":"https:\/\/www.politicosdosuldabahia.com.br\/v1\/wp-json\/wp\/v2\/categories?post=117290"},{"taxonomy":"post_tag","embeddable":true,"href":"https:\/\/www.politicosdosuldabahia.com.br\/v1\/wp-json\/wp\/v2\/tags?post=117290"}],"curies":[{"name":"wp","href":"https:\/\/api.w.org\/{rel}","templated":true}]}}