
{"id":117083,"date":"2019-02-19T21:58:17","date_gmt":"2019-02-20T00:58:17","guid":{"rendered":"http:\/\/www.politicosdosuldabahia.com.br\/v1\/?p=117083"},"modified":"2019-02-19T21:58:44","modified_gmt":"2019-02-20T00:58:44","slug":"ilheus-adelia-pinheiro-podera-ser-a-candidata-a-prefeita-de-rui-costa","status":"publish","type":"post","link":"https:\/\/www.politicosdosuldabahia.com.br\/v1\/2019\/02\/19\/ilheus-adelia-pinheiro-podera-ser-a-candidata-a-prefeita-de-rui-costa\/","title":{"rendered":"ILH\u00c9US: AD\u00c9LIA PINHEIRO PODER\u00c1 SER A CANDIDATA A PREFEITA DE RUI COSTA"},"content":{"rendered":"<h3 style=\"text-align: justify;\"><img loading=\"lazy\" decoding=\"async\" class=\"aligncenter size-full wp-image-116370\" src=\"http:\/\/www.politicosdosuldabahia.com.br\/v1\/wp-content\/uploads\/2019\/01\/Ad\u00e9lia-Pinheiro-Foto-de-Jonildo-Gl\u00f3ria-e1548702610585.jpg\" alt=\"Ad\u00e9lia-Pinheiro-Foto-de-Jonildo-Gl\u00f3ria\" width=\"450\" height=\"299\" \/><br \/>\nA reitora da Universidade Estadual de Santa Cruz (UESC), Ad\u00e9lia Pinheira, aceitou o convite do governador Rui Costa (PT) e vai assumir a secretaria de Ci\u00eancia de Tecnologia do estado.<\/h3>\n<h3 style=\"text-align: justify;\">Ad\u00e9lia Pinheira entrou no governo na cota do PT e existe a possibilidade ela entrar de vez na carreira pol\u00edtica. Segundo informa\u00e7\u00f5es, ela pode ter o apoio de Rui Costa para ser candidata a prefeita de Ilh\u00e9us em 2020.<\/h3>\n<h3 style=\"text-align: justify;\">Para isso ela ter\u00e1 que se filiar ao PT e conseguir o apoio do diret\u00f3rio local para viabilizar a sua candidatura.<\/h3>\n","protected":false},"excerpt":{"rendered":"<p>A reitora da Universidade Estadual de Santa Cruz (UESC), Ad\u00e9lia Pinheira, aceitou o convite do governador Rui Costa (PT) e vai assumir a secretaria de Ci\u00eancia de Tecnologia do estado. Ad\u00e9lia Pinheira entrou no governo na cota do PT e existe a possibilidade ela entrar de vez na carreira pol\u00edtica. Segundo informa\u00e7\u00f5es, ela pode ter [&hellip;]<\/p>\n","protected":false},"author":2,"featured_media":116370,"comment_status":"open","ping_status":"open","sticky":false,"template":"","format":"standard","meta":{"footnotes":"","_links_to":"","_links_to_target":""},"categories":[23,1],"tags":[],"class_list":["post-117083","post","type-post","status-publish","format-standard","has-post-thumbnail","hentry","category-destaque1","category-geral"],"views":1776,"_links":{"self":[{"href":"https:\/\/www.politicosdosuldabahia.com.br\/v1\/wp-json\/wp\/v2\/posts\/117083"}],"collection":[{"href":"https:\/\/www.politicosdosuldabahia.com.br\/v1\/wp-json\/wp\/v2\/posts"}],"about":[{"href":"https:\/\/www.politicosdosuldabahia.com.br\/v1\/wp-json\/wp\/v2\/types\/post"}],"author":[{"embeddable":true,"href":"https:\/\/www.politicosdosuldabahia.com.br\/v1\/wp-json\/wp\/v2\/users\/2"}],"replies":[{"embeddable":true,"href":"https:\/\/www.politicosdosuldabahia.com.br\/v1\/wp-json\/wp\/v2\/comments?post=117083"}],"version-history":[{"count":1,"href":"https:\/\/www.politicosdosuldabahia.com.br\/v1\/wp-json\/wp\/v2\/posts\/117083\/revisions"}],"predecessor-version":[{"id":117084,"href":"https:\/\/www.politicosdosuldabahia.com.br\/v1\/wp-json\/wp\/v2\/posts\/117083\/revisions\/117084"}],"wp:featuredmedia":[{"embeddable":true,"href":"https:\/\/www.politicosdosuldabahia.com.br\/v1\/wp-json\/wp\/v2\/media\/116370"}],"wp:attachment":[{"href":"https:\/\/www.politicosdosuldabahia.com.br\/v1\/wp-json\/wp\/v2\/media?parent=117083"}],"wp:term":[{"taxonomy":"category","embeddable":true,"href":"https:\/\/www.politicosdosuldabahia.com.br\/v1\/wp-json\/wp\/v2\/categories?post=117083"},{"taxonomy":"post_tag","embeddable":true,"href":"https:\/\/www.politicosdosuldabahia.com.br\/v1\/wp-json\/wp\/v2\/tags?post=117083"}],"curies":[{"name":"wp","href":"https:\/\/api.w.org\/{rel}","templated":true}]}}