
{"id":116562,"date":"2019-02-01T21:52:26","date_gmt":"2019-02-02T00:52:26","guid":{"rendered":"http:\/\/www.politicosdosuldabahia.com.br\/v1\/?p=116562"},"modified":"2019-02-01T21:52:26","modified_gmt":"2019-02-02T00:52:26","slug":"serei-o-lider-que-vai-trabalhar-para-que-o-executivo-tenha-respaldo-de-todos-voces-diz-rosemberg-ao-assumir-lideranca-do-governo-na-alba","status":"publish","type":"post","link":"https:\/\/www.politicosdosuldabahia.com.br\/v1\/2019\/02\/01\/serei-o-lider-que-vai-trabalhar-para-que-o-executivo-tenha-respaldo-de-todos-voces-diz-rosemberg-ao-assumir-lideranca-do-governo-na-alba\/","title":{"rendered":"\u201cSEREI O L\u00cdDER QUE VAI TRABALHAR PARA QUE O EXECUTIVO TENHA RESPALDO DE TODOS VOC\u00caS\u201d DIZ ROSEMBERG, AO ASSUMIR LIDERAN\u00c7A DO GOVERNO NA ALBA"},"content":{"rendered":"<p><img loading=\"lazy\" decoding=\"async\" class=\"aligncenter wp-image-116563\" src=\"http:\/\/www.politicosdosuldabahia.com.br\/v1\/wp-content\/uploads\/2019\/02\/WhatsApp-Image-2019-02-01-at-12.26.58-2-300x298.jpeg\" alt=\"WhatsApp Image 2019-02-01 at 12.26.58 (2)\" width=\"455\" height=\"452\" srcset=\"https:\/\/www.politicosdosuldabahia.com.br\/v1\/wp-content\/uploads\/2019\/02\/WhatsApp-Image-2019-02-01-at-12.26.58-2-300x298.jpeg 300w, https:\/\/www.politicosdosuldabahia.com.br\/v1\/wp-content\/uploads\/2019\/02\/WhatsApp-Image-2019-02-01-at-12.26.58-2-150x150.jpeg 150w, https:\/\/www.politicosdosuldabahia.com.br\/v1\/wp-content\/uploads\/2019\/02\/WhatsApp-Image-2019-02-01-at-12.26.58-2-768x764.jpeg 768w, https:\/\/www.politicosdosuldabahia.com.br\/v1\/wp-content\/uploads\/2019\/02\/WhatsApp-Image-2019-02-01-at-12.26.58-2.jpeg 1024w\" sizes=\"(max-width: 455px) 100vw, 455px\" \/><\/p>\n<h3 style=\"font-weight: 400;text-align: justify\">O novo l\u00edder do Governo da Assembleia Legislativa da Bahia (Alba), Rosemberg Pinto (PT), afirmou nesta sexta-feira (1\u00ba), ap\u00f3s tomar posse para o seu terceiro mandato como deputado estadual que n\u00e3o ser\u00e1 apenas &#8220;um l\u00edder escolhido pelo governador Rui Costa&#8221;.<\/h3>\n<h3 style=\"font-weight: 400;text-align: justify\">\u201cSerei o l\u00edder que vai trabalhar para que o Executivo tenha respaldo de todos os membros do Parlamento baiano\u201d, disse o petista, escolhido pelo l\u00edder baiano para ser o porta voz do seu governo no Parlamento.<\/h3>\n<h3 style=\"font-weight: 400;text-align: justify\">Rosemberg afirmou ainda que liderar a Bancada da Maioria na Alba sempre foi considerado por ele &#8220;uma das mais nobres fun\u00e7\u00f5es&#8221; da Casa de Leis. \u201cQuero agradecer ao governador Rui Costa pela confian\u00e7a depositada nessa importante miss\u00e3o e declarar a minha total lealdade, amizade e gratid\u00e3o\u201d, disse.<\/h3>\n<h3 style=\"font-weight: 400;text-align: justify\">O deputado ainda informou que dar\u00e1 seguimento ao trabalho realizado pelo correligion\u00e1rio e ex-l\u00edder do colegiado, o deputado federal Z\u00e9 Neto (PT).<\/h3>\n<h3 style=\"font-weight: 400;text-align: justify\">\u201cAntes de assumir essa fun\u00e7\u00e3o fiz quest\u00e3o de fazer um est\u00e1gio com Z\u00e9 Neto. Importantes li\u00e7\u00f5es foram tiradas, sejam nos momentos de tranquilidade ou nos momentos mais dif\u00edceis que a Assembleia j\u00e1 vivenciou. Vamos sempre buscar o consenso nas vota\u00e7\u00f5es para que tenhamos apoio na vota\u00e7\u00e3o de projetos de interesse do governo e dos baianos\u201d, antecipou.<\/h3>\n<h3 style=\"font-weight: 400;text-align: justify\">Eleito com 101.945 votos nas elei\u00e7\u00f5es deste ano, o segundo mais votado em todo o estado, Rosemberg afirmou ainda que liderar a Maioria no Parlamento baiano ser\u00e1 um \u201cdesafio pessoal muito grande\u201d, mas a luta para que os principais anseios da sociedade baiana sejam atendidos ser\u00e1 o seu principal combust\u00edvel.<\/h3>\n<h3 style=\"font-weight: 400;text-align: justify\">\u201cTamb\u00e9m vou advogar pelas grandes causas do nosso estado. Conhe\u00e7o a Bahia, conhe\u00e7o o interior do estado, conhe\u00e7o os problemas que os prefeitos enfrentam no seu dia a dia, como tamb\u00e9m conhe\u00e7o os grandes projetos que j\u00e1 foram levados tanto para Salvador, quanto para o interior. Al\u00e9m disso, as portas da Lideran\u00e7a do Governo estar\u00e3o sempre abertas para ouvir ideias que possam ajudar o governo, a Bahia e as baianas e os baianos\u201d, finalizou.<\/h3>\n","protected":false},"excerpt":{"rendered":"<p>O novo l\u00edder do Governo da Assembleia Legislativa da Bahia (Alba), Rosemberg Pinto (PT), afirmou nesta sexta-feira (1\u00ba), ap\u00f3s tomar posse para o seu terceiro mandato como deputado estadual que n\u00e3o ser\u00e1 apenas &#8220;um l\u00edder escolhido pelo governador Rui Costa&#8221;. \u201cSerei o l\u00edder que vai trabalhar para que o Executivo tenha respaldo de todos os [&hellip;]<\/p>\n","protected":false},"author":992,"featured_media":0,"comment_status":"open","ping_status":"open","sticky":false,"template":"","format":"standard","meta":{"footnotes":"","_links_to":"","_links_to_target":""},"categories":[23,4],"tags":[],"class_list":["post-116562","post","type-post","status-publish","format-standard","hentry","category-destaque1","category-politica"],"views":1184,"_links":{"self":[{"href":"https:\/\/www.politicosdosuldabahia.com.br\/v1\/wp-json\/wp\/v2\/posts\/116562"}],"collection":[{"href":"https:\/\/www.politicosdosuldabahia.com.br\/v1\/wp-json\/wp\/v2\/posts"}],"about":[{"href":"https:\/\/www.politicosdosuldabahia.com.br\/v1\/wp-json\/wp\/v2\/types\/post"}],"author":[{"embeddable":true,"href":"https:\/\/www.politicosdosuldabahia.com.br\/v1\/wp-json\/wp\/v2\/users\/992"}],"replies":[{"embeddable":true,"href":"https:\/\/www.politicosdosuldabahia.com.br\/v1\/wp-json\/wp\/v2\/comments?post=116562"}],"version-history":[{"count":1,"href":"https:\/\/www.politicosdosuldabahia.com.br\/v1\/wp-json\/wp\/v2\/posts\/116562\/revisions"}],"predecessor-version":[{"id":116565,"href":"https:\/\/www.politicosdosuldabahia.com.br\/v1\/wp-json\/wp\/v2\/posts\/116562\/revisions\/116565"}],"wp:attachment":[{"href":"https:\/\/www.politicosdosuldabahia.com.br\/v1\/wp-json\/wp\/v2\/media?parent=116562"}],"wp:term":[{"taxonomy":"category","embeddable":true,"href":"https:\/\/www.politicosdosuldabahia.com.br\/v1\/wp-json\/wp\/v2\/categories?post=116562"},{"taxonomy":"post_tag","embeddable":true,"href":"https:\/\/www.politicosdosuldabahia.com.br\/v1\/wp-json\/wp\/v2\/tags?post=116562"}],"curies":[{"name":"wp","href":"https:\/\/api.w.org\/{rel}","templated":true}]}}