
{"id":115541,"date":"2019-01-03T08:38:29","date_gmt":"2019-01-03T11:38:29","guid":{"rendered":"http:\/\/www.politicosdosuldabahia.com.br\/v1\/?p=115541"},"modified":"2019-01-03T08:39:00","modified_gmt":"2019-01-03T11:39:00","slug":"advogado-e-acusado-de-desferir-facadas-contra-empresario","status":"publish","type":"post","link":"https:\/\/www.politicosdosuldabahia.com.br\/v1\/2019\/01\/03\/advogado-e-acusado-de-desferir-facadas-contra-empresario\/","title":{"rendered":"ADVOGADO \u00c9 ACUSADO DE DESFERIR FACADAS CONTRA EMPRES\u00c1RIO"},"content":{"rendered":"<p><img loading=\"lazy\" decoding=\"async\" class=\"aligncenter size-full wp-image-115542\" src=\"http:\/\/www.politicosdosuldabahia.com.br\/v1\/wp-content\/uploads\/2019\/01\/aroldo-e1546515464451.jpg\" alt=\"aroldo\" width=\"460\" height=\"259\" \/><\/p>\n<h3 style=\"text-align: justify;\">O advogado Igor, de Itapetinga, est\u00e1 sendo acusado de no \u00faltimo dia 28 de dezembro, em Ilh\u00e9us, ter desferido tr\u00eas facadas contra o empres\u00e1rio Aroldo Ferraz. Em um \u00e1udio, Aroldo relata que Igor estava transtornado.<\/h3>\n<h3 style=\"text-align: justify;\">Foi feito um boletim de ocorr\u00eancia e a autoridade policial vai realizar a apura\u00e7\u00e3o dos fatos.<\/h3>\n<h3 style=\"text-align: justify;\">A OAB de Itapetinga emitiu uma nota, condenando o ato do advogado e informando que n\u00e3o tem nenhuma correla\u00e7\u00e3o com o exerc\u00edcio da advocacia.<\/h3>\n","protected":false},"excerpt":{"rendered":"<p>O advogado Igor, de Itapetinga, est\u00e1 sendo acusado de no \u00faltimo dia 28 de dezembro, em Ilh\u00e9us, ter desferido tr\u00eas facadas contra o empres\u00e1rio Aroldo Ferraz. Em um \u00e1udio, Aroldo relata que Igor estava transtornado. Foi feito um boletim de ocorr\u00eancia e a autoridade policial vai realizar a apura\u00e7\u00e3o dos fatos. A OAB de Itapetinga [&hellip;]<\/p>\n","protected":false},"author":2,"featured_media":115542,"comment_status":"open","ping_status":"open","sticky":false,"template":"","format":"standard","meta":{"footnotes":"","_links_to":"","_links_to_target":""},"categories":[23,1],"tags":[],"class_list":["post-115541","post","type-post","status-publish","format-standard","has-post-thumbnail","hentry","category-destaque1","category-geral"],"views":2623,"_links":{"self":[{"href":"https:\/\/www.politicosdosuldabahia.com.br\/v1\/wp-json\/wp\/v2\/posts\/115541"}],"collection":[{"href":"https:\/\/www.politicosdosuldabahia.com.br\/v1\/wp-json\/wp\/v2\/posts"}],"about":[{"href":"https:\/\/www.politicosdosuldabahia.com.br\/v1\/wp-json\/wp\/v2\/types\/post"}],"author":[{"embeddable":true,"href":"https:\/\/www.politicosdosuldabahia.com.br\/v1\/wp-json\/wp\/v2\/users\/2"}],"replies":[{"embeddable":true,"href":"https:\/\/www.politicosdosuldabahia.com.br\/v1\/wp-json\/wp\/v2\/comments?post=115541"}],"version-history":[{"count":1,"href":"https:\/\/www.politicosdosuldabahia.com.br\/v1\/wp-json\/wp\/v2\/posts\/115541\/revisions"}],"predecessor-version":[{"id":115543,"href":"https:\/\/www.politicosdosuldabahia.com.br\/v1\/wp-json\/wp\/v2\/posts\/115541\/revisions\/115543"}],"wp:featuredmedia":[{"embeddable":true,"href":"https:\/\/www.politicosdosuldabahia.com.br\/v1\/wp-json\/wp\/v2\/media\/115542"}],"wp:attachment":[{"href":"https:\/\/www.politicosdosuldabahia.com.br\/v1\/wp-json\/wp\/v2\/media?parent=115541"}],"wp:term":[{"taxonomy":"category","embeddable":true,"href":"https:\/\/www.politicosdosuldabahia.com.br\/v1\/wp-json\/wp\/v2\/categories?post=115541"},{"taxonomy":"post_tag","embeddable":true,"href":"https:\/\/www.politicosdosuldabahia.com.br\/v1\/wp-json\/wp\/v2\/tags?post=115541"}],"curies":[{"name":"wp","href":"https:\/\/api.w.org\/{rel}","templated":true}]}}