
{"id":115179,"date":"2018-12-18T22:10:50","date_gmt":"2018-12-19T01:10:50","guid":{"rendered":"http:\/\/www.politicosdosuldabahia.com.br\/v1\/?p=115179"},"modified":"2018-12-18T22:12:46","modified_gmt":"2018-12-19T01:12:46","slug":"itapetinga-sem-coleta-sacos-de-lixo-se-amontoam-em-ruas","status":"publish","type":"post","link":"https:\/\/www.politicosdosuldabahia.com.br\/v1\/2018\/12\/18\/itapetinga-sem-coleta-sacos-de-lixo-se-amontoam-em-ruas\/","title":{"rendered":"ITAPETINGA: SEM COLETA, SACOS DE LIXO SE AMONTOAM EM RUAS"},"content":{"rendered":"<p><img loading=\"lazy\" decoding=\"async\" class=\"aligncenter size-full wp-image-115180\" src=\"http:\/\/www.politicosdosuldabahia.com.br\/v1\/wp-content\/uploads\/2018\/12\/lixo-11.jpg\" alt=\"lixo-11\" width=\"500\" height=\"667\" srcset=\"https:\/\/www.politicosdosuldabahia.com.br\/v1\/wp-content\/uploads\/2018\/12\/lixo-11.jpg 500w, https:\/\/www.politicosdosuldabahia.com.br\/v1\/wp-content\/uploads\/2018\/12\/lixo-11-225x300.jpg 225w\" sizes=\"(max-width: 500px) 100vw, 500px\" \/><\/p>\n<h3 style=\"text-align: justify;\">Nesta ter\u00e7a-feira a coleta de lixo n\u00e3o foi realizada em v\u00e1rios bairros de Itapetinga. Segundo os moradores, segunda-feira foi a \u00faltima vez que o caminh\u00e3o passou.<\/h3>\n<h3 style=\"text-align: justify;\">\u00c9 poss\u00edvel ver sacos amontados em diferentes pontos da cidade. A popula\u00e7\u00e3o reclama do mau cheiro.<\/h3>\n<h3 style=\"text-align: justify;\">\u201c Queremos saber porque qual motivo o carro de lixo n\u00e3o est\u00e1 passando. N\u00e3o tem como ficar esse mau cheiro na porta da gente. Incomoda demais&#8221;, comentou Carla Ferreira.<\/h3>\n<h3 style=\"text-align: justify;\">Segundo informa\u00e7\u00f5es, os funcion\u00e1rios da empresa paralisaram a coleta em virtude do atraso dos sal\u00e1rios, j\u00e1 que a prefeitura n\u00e3o estaria pagando as faturas da empresa respons\u00e1vel pela coleta.<\/h3>\n<h3 style=\"text-align: justify;\">O blog manteve contato com a assessoria de comunica\u00e7\u00e3o da prefeitura, e n\u00e3o obteve retorno.<\/h3>\n","protected":false},"excerpt":{"rendered":"<p>Nesta ter\u00e7a-feira a coleta de lixo n\u00e3o foi realizada em v\u00e1rios bairros de Itapetinga. Segundo os moradores, segunda-feira foi a \u00faltima vez que o caminh\u00e3o passou. \u00c9 poss\u00edvel ver sacos amontados em diferentes pontos da cidade. A popula\u00e7\u00e3o reclama do mau cheiro. \u201c Queremos saber porque qual motivo o carro de lixo n\u00e3o est\u00e1 passando. [&hellip;]<\/p>\n","protected":false},"author":2,"featured_media":115180,"comment_status":"open","ping_status":"open","sticky":false,"template":"","format":"standard","meta":{"footnotes":"","_links_to":"","_links_to_target":""},"categories":[23,1],"tags":[],"class_list":["post-115179","post","type-post","status-publish","format-standard","has-post-thumbnail","hentry","category-destaque1","category-geral"],"views":1305,"_links":{"self":[{"href":"https:\/\/www.politicosdosuldabahia.com.br\/v1\/wp-json\/wp\/v2\/posts\/115179"}],"collection":[{"href":"https:\/\/www.politicosdosuldabahia.com.br\/v1\/wp-json\/wp\/v2\/posts"}],"about":[{"href":"https:\/\/www.politicosdosuldabahia.com.br\/v1\/wp-json\/wp\/v2\/types\/post"}],"author":[{"embeddable":true,"href":"https:\/\/www.politicosdosuldabahia.com.br\/v1\/wp-json\/wp\/v2\/users\/2"}],"replies":[{"embeddable":true,"href":"https:\/\/www.politicosdosuldabahia.com.br\/v1\/wp-json\/wp\/v2\/comments?post=115179"}],"version-history":[{"count":1,"href":"https:\/\/www.politicosdosuldabahia.com.br\/v1\/wp-json\/wp\/v2\/posts\/115179\/revisions"}],"predecessor-version":[{"id":115181,"href":"https:\/\/www.politicosdosuldabahia.com.br\/v1\/wp-json\/wp\/v2\/posts\/115179\/revisions\/115181"}],"wp:featuredmedia":[{"embeddable":true,"href":"https:\/\/www.politicosdosuldabahia.com.br\/v1\/wp-json\/wp\/v2\/media\/115180"}],"wp:attachment":[{"href":"https:\/\/www.politicosdosuldabahia.com.br\/v1\/wp-json\/wp\/v2\/media?parent=115179"}],"wp:term":[{"taxonomy":"category","embeddable":true,"href":"https:\/\/www.politicosdosuldabahia.com.br\/v1\/wp-json\/wp\/v2\/categories?post=115179"},{"taxonomy":"post_tag","embeddable":true,"href":"https:\/\/www.politicosdosuldabahia.com.br\/v1\/wp-json\/wp\/v2\/tags?post=115179"}],"curies":[{"name":"wp","href":"https:\/\/api.w.org\/{rel}","templated":true}]}}