
{"id":113724,"date":"2018-11-09T21:07:00","date_gmt":"2018-11-10T00:07:00","guid":{"rendered":"http:\/\/www.politicosdosuldabahia.com.br\/v1\/?p=113724"},"modified":"2018-11-09T21:07:51","modified_gmt":"2018-11-10T00:07:51","slug":"itabuna-gestao-de-josefina-no-nucleo-de-educacao-podera-ficar-marcada-pelo-fechamento-do-colegio-ciso","status":"publish","type":"post","link":"https:\/\/www.politicosdosuldabahia.com.br\/v1\/2018\/11\/09\/itabuna-gestao-de-josefina-no-nucleo-de-educacao-podera-ficar-marcada-pelo-fechamento-do-colegio-ciso\/","title":{"rendered":"ITABUNA: GEST\u00c3O DE JOSEFINA NO N\u00daCLEO DE EDUCA\u00c7\u00c3O PODER\u00c1 FICAR MARCADA PELO FECHAMENTO DO COL\u00c9GIO CISO"},"content":{"rendered":"<p><img loading=\"lazy\" decoding=\"async\" class=\"aligncenter size-full wp-image-113725\" src=\"http:\/\/www.politicosdosuldabahia.com.br\/v1\/wp-content\/uploads\/2018\/11\/Ciso_Itabuna-e1541808375173.jpg\" alt=\"Ciso_Itabuna\" width=\"440\" height=\"330\" \/><\/p>\n<h3 style=\"text-align: justify;\">A passagem da professora Josefina Castro, na dire\u00e7\u00e3o do N\u00facleo Regional de Educa\u00e7\u00e3o poder\u00e1 ficar marcada pelo fechamento do col\u00e9gio Ciso, localizado no Bairro de F\u00e1tima, em Itabuna.<\/h3>\n<h3 style=\"text-align: justify;\">O col\u00e9gio \u00e9 tradicional e est\u00e1 comemorando 50 anos, mas \u00e9 conveniado e o estado paga o aluguel de R$ 12 mil por m\u00eas, e mais despesa com energia e \u00e1gua.<\/h3>\n<h3 style=\"text-align: justify;\">O blog apurou que o objetivo com o fechamento \u00e9 de redistribuir os alunos do CISO entre os col\u00e9gios In\u00e1cio Tosta, M\u00e9dice e Luiz Eduard, do bairro Parque Boa Vista.<\/h3>\n<h3 style=\"text-align: justify;\">Existem salas ociosas nessas escolas que s\u00e3o pr\u00e9dios da rede. Ao longo dos anos foram bloqueando as s\u00e9ries do fundamental do sexto ao nono ano.<\/h3>\n<h3 style=\"text-align: justify;\">\u201cOs alunos do ensino m\u00e9dio poder\u00e3o ser redistribu\u00eddos dentro da pr\u00f3pria rede e os professores v\u00e3o junto para outras escolas.Dessa forma o estado para de pagar aluguel caro. Essa \u00e9 a ideia. Diminui n\u00famero de gestores e servidores s\u00e3o remanejados,\u201d declarou uma fonte ouvida pelo blog.<\/h3>\n","protected":false},"excerpt":{"rendered":"<p>A passagem da professora Josefina Castro, na dire\u00e7\u00e3o do N\u00facleo Regional de Educa\u00e7\u00e3o poder\u00e1 ficar marcada pelo fechamento do col\u00e9gio Ciso, localizado no Bairro de F\u00e1tima, em Itabuna. O col\u00e9gio \u00e9 tradicional e est\u00e1 comemorando 50 anos, mas \u00e9 conveniado e o estado paga o aluguel de R$ 12 mil por m\u00eas, e mais despesa [&hellip;]<\/p>\n","protected":false},"author":2,"featured_media":113725,"comment_status":"open","ping_status":"open","sticky":false,"template":"","format":"standard","meta":{"footnotes":"","_links_to":"","_links_to_target":""},"categories":[23,1],"tags":[],"class_list":["post-113724","post","type-post","status-publish","format-standard","has-post-thumbnail","hentry","category-destaque1","category-geral"],"views":2456,"_links":{"self":[{"href":"https:\/\/www.politicosdosuldabahia.com.br\/v1\/wp-json\/wp\/v2\/posts\/113724"}],"collection":[{"href":"https:\/\/www.politicosdosuldabahia.com.br\/v1\/wp-json\/wp\/v2\/posts"}],"about":[{"href":"https:\/\/www.politicosdosuldabahia.com.br\/v1\/wp-json\/wp\/v2\/types\/post"}],"author":[{"embeddable":true,"href":"https:\/\/www.politicosdosuldabahia.com.br\/v1\/wp-json\/wp\/v2\/users\/2"}],"replies":[{"embeddable":true,"href":"https:\/\/www.politicosdosuldabahia.com.br\/v1\/wp-json\/wp\/v2\/comments?post=113724"}],"version-history":[{"count":1,"href":"https:\/\/www.politicosdosuldabahia.com.br\/v1\/wp-json\/wp\/v2\/posts\/113724\/revisions"}],"predecessor-version":[{"id":113726,"href":"https:\/\/www.politicosdosuldabahia.com.br\/v1\/wp-json\/wp\/v2\/posts\/113724\/revisions\/113726"}],"wp:featuredmedia":[{"embeddable":true,"href":"https:\/\/www.politicosdosuldabahia.com.br\/v1\/wp-json\/wp\/v2\/media\/113725"}],"wp:attachment":[{"href":"https:\/\/www.politicosdosuldabahia.com.br\/v1\/wp-json\/wp\/v2\/media?parent=113724"}],"wp:term":[{"taxonomy":"category","embeddable":true,"href":"https:\/\/www.politicosdosuldabahia.com.br\/v1\/wp-json\/wp\/v2\/categories?post=113724"},{"taxonomy":"post_tag","embeddable":true,"href":"https:\/\/www.politicosdosuldabahia.com.br\/v1\/wp-json\/wp\/v2\/tags?post=113724"}],"curies":[{"name":"wp","href":"https:\/\/api.w.org\/{rel}","templated":true}]}}