
{"id":113540,"date":"2018-11-05T21:33:38","date_gmt":"2018-11-06T00:33:38","guid":{"rendered":"http:\/\/www.politicosdosuldabahia.com.br\/v1\/?p=113540"},"modified":"2018-11-05T21:47:41","modified_gmt":"2018-11-06T00:47:41","slug":"itaju-do-colonia-funcionaria-da-prefeitura-foi-demitida-apos-tirar-foto-ao-lado-do-vice-prefeito","status":"publish","type":"post","link":"https:\/\/www.politicosdosuldabahia.com.br\/v1\/2018\/11\/05\/itaju-do-colonia-funcionaria-da-prefeitura-foi-demitida-apos-tirar-foto-ao-lado-do-vice-prefeito\/","title":{"rendered":"ITAJU DO COL\u00d4NIA: FUNCION\u00c1RIA DA PREFEITURA FOI DEMITIDA AP\u00d3S TIRAR FOTO AO LADO DO VICE-PREFEITO"},"content":{"rendered":"<p><img loading=\"lazy\" decoding=\"async\" class=\"aligncenter size-full wp-image-113541\" src=\"http:\/\/www.politicosdosuldabahia.com.br\/v1\/wp-content\/uploads\/2018\/11\/itaju-e1541463583581.jpg\" alt=\"itaju\" width=\"450\" height=\"275\" \/><\/p>\n<h3 style=\"text-align: justify;\">Na semana passada aconteceu algo inusitado na cidade de Itaju do Col\u00f4nia e que mostra o n\u00edvel de persegui\u00e7\u00e3o pol\u00edtica na cidade. A at\u00e9 ent\u00e3o servidora da prefeitura, Sandra, realizou um ch\u00e1 de fraudas para o seu neto.<\/h3>\n<h3 style=\"text-align: justify;\">O vice-prefeito Val\u00e9rio Aguiar (PR), esteve na festa e tirou uma foto com a fam\u00edlia. A primeira dama da cidade, C\u00e1ssia Duarte, fez um coment\u00e1rio na rede social, em um tom ir\u00f4nico. Dias depois Sandra foi demitida sem nenhuma explica\u00e7\u00e3o.<\/h3>\n<h3 style=\"text-align: justify;\">Val\u00e9rio Aguiar rompeu esse ano com o prefeito Djalma do Mercado (PSDB), e desde ent\u00e3o ele \u00e9 considerado um inimigo do governo. Segundo informa\u00e7\u00f5es, essa n\u00e3o \u00e9 a primeira vez que funcion\u00e1rio \u00e9 demitido por causa de uma foto com o vice, mas foi a primeira vez que a primeira dama comentou.(veja abaixo)<\/h3>\n<p><img loading=\"lazy\" decoding=\"async\" class=\"aligncenter size-full wp-image-113546\" src=\"http:\/\/www.politicosdosuldabahia.com.br\/v1\/wp-content\/uploads\/2018\/11\/sanraaaaaaaaaaaaa-e1541464578555.jpg\" alt=\"sanraaaaaaaaaaaaa\" width=\"448\" height=\"607\" \/><\/p>\n","protected":false},"excerpt":{"rendered":"<p>Na semana passada aconteceu algo inusitado na cidade de Itaju do Col\u00f4nia e que mostra o n\u00edvel de persegui\u00e7\u00e3o pol\u00edtica na cidade. A at\u00e9 ent\u00e3o servidora da prefeitura, Sandra, realizou um ch\u00e1 de fraudas para o seu neto. O vice-prefeito Val\u00e9rio Aguiar (PR), esteve na festa e tirou uma foto com a fam\u00edlia. A primeira [&hellip;]<\/p>\n","protected":false},"author":2,"featured_media":113546,"comment_status":"open","ping_status":"open","sticky":false,"template":"","format":"standard","meta":{"footnotes":"","_links_to":"","_links_to_target":""},"categories":[24,1],"tags":[],"class_list":["post-113540","post","type-post","status-publish","format-standard","has-post-thumbnail","hentry","category-destaque2","category-geral"],"views":2827,"_links":{"self":[{"href":"https:\/\/www.politicosdosuldabahia.com.br\/v1\/wp-json\/wp\/v2\/posts\/113540"}],"collection":[{"href":"https:\/\/www.politicosdosuldabahia.com.br\/v1\/wp-json\/wp\/v2\/posts"}],"about":[{"href":"https:\/\/www.politicosdosuldabahia.com.br\/v1\/wp-json\/wp\/v2\/types\/post"}],"author":[{"embeddable":true,"href":"https:\/\/www.politicosdosuldabahia.com.br\/v1\/wp-json\/wp\/v2\/users\/2"}],"replies":[{"embeddable":true,"href":"https:\/\/www.politicosdosuldabahia.com.br\/v1\/wp-json\/wp\/v2\/comments?post=113540"}],"version-history":[{"count":5,"href":"https:\/\/www.politicosdosuldabahia.com.br\/v1\/wp-json\/wp\/v2\/posts\/113540\/revisions"}],"predecessor-version":[{"id":113549,"href":"https:\/\/www.politicosdosuldabahia.com.br\/v1\/wp-json\/wp\/v2\/posts\/113540\/revisions\/113549"}],"wp:featuredmedia":[{"embeddable":true,"href":"https:\/\/www.politicosdosuldabahia.com.br\/v1\/wp-json\/wp\/v2\/media\/113546"}],"wp:attachment":[{"href":"https:\/\/www.politicosdosuldabahia.com.br\/v1\/wp-json\/wp\/v2\/media?parent=113540"}],"wp:term":[{"taxonomy":"category","embeddable":true,"href":"https:\/\/www.politicosdosuldabahia.com.br\/v1\/wp-json\/wp\/v2\/categories?post=113540"},{"taxonomy":"post_tag","embeddable":true,"href":"https:\/\/www.politicosdosuldabahia.com.br\/v1\/wp-json\/wp\/v2\/tags?post=113540"}],"curies":[{"name":"wp","href":"https:\/\/api.w.org\/{rel}","templated":true}]}}