
{"id":112761,"date":"2018-10-15T12:20:59","date_gmt":"2018-10-15T15:20:59","guid":{"rendered":"http:\/\/www.politicosdosuldabahia.com.br\/v1\/?p=112761"},"modified":"2018-10-15T12:25:38","modified_gmt":"2018-10-15T15:25:38","slug":"porto-seguro-onibus-de-turismo-vao-pagar-taxa-de-ate-r-2-mil-para-circular-na-cidade","status":"publish","type":"post","link":"https:\/\/www.politicosdosuldabahia.com.br\/v1\/2018\/10\/15\/porto-seguro-onibus-de-turismo-vao-pagar-taxa-de-ate-r-2-mil-para-circular-na-cidade\/","title":{"rendered":"PORTO SEGURO: \u00d4NIBUS DE TURISMO V\u00c3O PAGAR  TAXA  DE AT\u00c9 R$ 2 MIL PARA CIRCULAR NA CIDADE"},"content":{"rendered":"<p><img loading=\"lazy\" decoding=\"async\" class=\"aligncenter size-full wp-image-112762\" src=\"http:\/\/www.politicosdosuldabahia.com.br\/v1\/wp-content\/uploads\/2018\/10\/porto-seg-e1539616768344.jpg\" alt=\"porto seg\" width=\"460\" height=\"345\" \/><\/p>\n<h3 style=\"text-align: justify;\">A prefeitura de Porto Seguro decidiu cobrar uma taxa de \u00f4nibus e vans de turismo na cidade. O objetivo \u00e9 minimizar o impacto do tr\u00e1fego de ve\u00edculos nas ruas e avenidas da regi\u00e3o central e na orla norte da cidade.<\/h3>\n<h3 style=\"text-align: justify;\">Segundo a prefeitura, a a\u00e7\u00e3o j\u00e1 ocorre em v\u00e1rios destinos tur\u00edsticos pelo Brasil e o mundo, a cidade de Conde, litoral norte da Bahia, come\u00e7ou a cobrar esse ano uma taxa de R$ 500,00 por \u00f4nibus. Na regi\u00e3o dos lagos, no Rio de Janeiro, a taxa \u00e9 cobrada desde 2016 e em alguns lugares, chega ao valor de at\u00e9 R$ 3.000,00 por ve\u00edculo.<\/h3>\n<h3 style=\"text-align: justify;\">Grande parte da popula\u00e7\u00e3o rejeitou a medida, j\u00e1 que como uma cidade tur\u00edstica, essa medida poder\u00e1 afastar os turistas da cidade, gerando uma crise financeira na cidade.<\/h3>\n","protected":false},"excerpt":{"rendered":"<p>A prefeitura de Porto Seguro decidiu cobrar uma taxa de \u00f4nibus e vans de turismo na cidade. O objetivo \u00e9 minimizar o impacto do tr\u00e1fego de ve\u00edculos nas ruas e avenidas da regi\u00e3o central e na orla norte da cidade. Segundo a prefeitura, a a\u00e7\u00e3o j\u00e1 ocorre em v\u00e1rios destinos tur\u00edsticos pelo Brasil e o [&hellip;]<\/p>\n","protected":false},"author":2,"featured_media":112762,"comment_status":"open","ping_status":"open","sticky":false,"template":"","format":"standard","meta":{"footnotes":"","_links_to":"","_links_to_target":""},"categories":[23,1],"tags":[],"class_list":["post-112761","post","type-post","status-publish","format-standard","has-post-thumbnail","hentry","category-destaque1","category-geral"],"views":9301,"_links":{"self":[{"href":"https:\/\/www.politicosdosuldabahia.com.br\/v1\/wp-json\/wp\/v2\/posts\/112761"}],"collection":[{"href":"https:\/\/www.politicosdosuldabahia.com.br\/v1\/wp-json\/wp\/v2\/posts"}],"about":[{"href":"https:\/\/www.politicosdosuldabahia.com.br\/v1\/wp-json\/wp\/v2\/types\/post"}],"author":[{"embeddable":true,"href":"https:\/\/www.politicosdosuldabahia.com.br\/v1\/wp-json\/wp\/v2\/users\/2"}],"replies":[{"embeddable":true,"href":"https:\/\/www.politicosdosuldabahia.com.br\/v1\/wp-json\/wp\/v2\/comments?post=112761"}],"version-history":[{"count":1,"href":"https:\/\/www.politicosdosuldabahia.com.br\/v1\/wp-json\/wp\/v2\/posts\/112761\/revisions"}],"predecessor-version":[{"id":112763,"href":"https:\/\/www.politicosdosuldabahia.com.br\/v1\/wp-json\/wp\/v2\/posts\/112761\/revisions\/112763"}],"wp:featuredmedia":[{"embeddable":true,"href":"https:\/\/www.politicosdosuldabahia.com.br\/v1\/wp-json\/wp\/v2\/media\/112762"}],"wp:attachment":[{"href":"https:\/\/www.politicosdosuldabahia.com.br\/v1\/wp-json\/wp\/v2\/media?parent=112761"}],"wp:term":[{"taxonomy":"category","embeddable":true,"href":"https:\/\/www.politicosdosuldabahia.com.br\/v1\/wp-json\/wp\/v2\/categories?post=112761"},{"taxonomy":"post_tag","embeddable":true,"href":"https:\/\/www.politicosdosuldabahia.com.br\/v1\/wp-json\/wp\/v2\/tags?post=112761"}],"curies":[{"name":"wp","href":"https:\/\/api.w.org\/{rel}","templated":true}]}}