
{"id":110742,"date":"2018-08-21T19:02:18","date_gmt":"2018-08-21T22:02:18","guid":{"rendered":"http:\/\/www.politicosdosuldabahia.com.br\/v1\/?p=110742"},"modified":"2018-08-21T18:03:56","modified_gmt":"2018-08-21T21:03:56","slug":"una-meio-quilo-de-maconha-e-apreendido-na-rodoviaria","status":"publish","type":"post","link":"https:\/\/www.politicosdosuldabahia.com.br\/v1\/2018\/08\/21\/una-meio-quilo-de-maconha-e-apreendido-na-rodoviaria\/","title":{"rendered":"UNA: MEIO QUILO DE MACONHA \u00c9 APREENDIDO NA RODOVI\u00c1RIA"},"content":{"rendered":"<p><img loading=\"lazy\" decoding=\"async\" class=\"aligncenter wp-image-110743\" src=\"http:\/\/www.politicosdosuldabahia.com.br\/v1\/wp-content\/uploads\/2018\/08\/WhatsApp-Image-2018-08-21-at-16.56.34-1.jpeg\" alt=\"WhatsApp Image 2018-08-21 at 16.56.34 (1)\" width=\"455\" height=\"256\" srcset=\"https:\/\/www.politicosdosuldabahia.com.br\/v1\/wp-content\/uploads\/2018\/08\/WhatsApp-Image-2018-08-21-at-16.56.34-1.jpeg 1032w, https:\/\/www.politicosdosuldabahia.com.br\/v1\/wp-content\/uploads\/2018\/08\/WhatsApp-Image-2018-08-21-at-16.56.34-1-300x169.jpeg 300w, https:\/\/www.politicosdosuldabahia.com.br\/v1\/wp-content\/uploads\/2018\/08\/WhatsApp-Image-2018-08-21-at-16.56.34-1-768x432.jpeg 768w, https:\/\/www.politicosdosuldabahia.com.br\/v1\/wp-content\/uploads\/2018\/08\/WhatsApp-Image-2018-08-21-at-16.56.34-1-1024x576.jpeg 1024w\" sizes=\"(max-width: 455px) 100vw, 455px\" \/><\/p>\n<h3 style=\"text-align: justify;\">A\u00e7\u00e3o conjunta entre a Delegacia Territorial (DT) de Canavieiras e o Comando de Policiamento da Regi\u00e3o Norte (CPRN), ap\u00f3s den\u00fancias an\u00f4nimas, prenderam nesta ter\u00e7a-feira (21) em flagrante, na rodovi\u00e1ria de Una, Patricia Severo de Matos, conhecida como &#8216;Tati&#8217;. Ela estava com meio quilo de maconha prensada.<\/h3>\n<h3 style=\"text-align: justify;\">Tati contou aos policiais que receberia R$ 150 reais dos traficantes &#8216;Devinho&#8217; e &#8216;Mano&#8217; para transportar a droga at\u00e9 Ilh\u00e9us. Indicou ainda, o local onde estava Ezequias Lemos dos Santos &#8216;Gordo&#8217;, apontado como a pessoa que lhe entregou o entorpecente. Os criminosos junto ao material apreendido foram encaminhados para a DT de Canavieiras.<\/h3>\n","protected":false},"excerpt":{"rendered":"<p>A\u00e7\u00e3o conjunta entre a Delegacia Territorial (DT) de Canavieiras e o Comando de Policiamento da Regi\u00e3o Norte (CPRN), ap\u00f3s den\u00fancias an\u00f4nimas, prenderam nesta ter\u00e7a-feira (21) em flagrante, na rodovi\u00e1ria de Una, Patricia Severo de Matos, conhecida como &#8216;Tati&#8217;. Ela estava com meio quilo de maconha prensada. Tati contou aos policiais que receberia R$ 150 reais [&hellip;]<\/p>\n","protected":false},"author":2,"featured_media":0,"comment_status":"open","ping_status":"open","sticky":false,"template":"","format":"standard","meta":{"footnotes":"","_links_to":"","_links_to_target":""},"categories":[24],"tags":[],"class_list":["post-110742","post","type-post","status-publish","format-standard","hentry","category-destaque2"],"views":954,"_links":{"self":[{"href":"https:\/\/www.politicosdosuldabahia.com.br\/v1\/wp-json\/wp\/v2\/posts\/110742"}],"collection":[{"href":"https:\/\/www.politicosdosuldabahia.com.br\/v1\/wp-json\/wp\/v2\/posts"}],"about":[{"href":"https:\/\/www.politicosdosuldabahia.com.br\/v1\/wp-json\/wp\/v2\/types\/post"}],"author":[{"embeddable":true,"href":"https:\/\/www.politicosdosuldabahia.com.br\/v1\/wp-json\/wp\/v2\/users\/2"}],"replies":[{"embeddable":true,"href":"https:\/\/www.politicosdosuldabahia.com.br\/v1\/wp-json\/wp\/v2\/comments?post=110742"}],"version-history":[{"count":1,"href":"https:\/\/www.politicosdosuldabahia.com.br\/v1\/wp-json\/wp\/v2\/posts\/110742\/revisions"}],"predecessor-version":[{"id":110744,"href":"https:\/\/www.politicosdosuldabahia.com.br\/v1\/wp-json\/wp\/v2\/posts\/110742\/revisions\/110744"}],"wp:attachment":[{"href":"https:\/\/www.politicosdosuldabahia.com.br\/v1\/wp-json\/wp\/v2\/media?parent=110742"}],"wp:term":[{"taxonomy":"category","embeddable":true,"href":"https:\/\/www.politicosdosuldabahia.com.br\/v1\/wp-json\/wp\/v2\/categories?post=110742"},{"taxonomy":"post_tag","embeddable":true,"href":"https:\/\/www.politicosdosuldabahia.com.br\/v1\/wp-json\/wp\/v2\/tags?post=110742"}],"curies":[{"name":"wp","href":"https:\/\/api.w.org\/{rel}","templated":true}]}}