
{"id":108796,"date":"2018-06-29T20:51:52","date_gmt":"2018-06-29T23:51:52","guid":{"rendered":"http:\/\/www.politicosdosuldabahia.com.br\/v1\/?p=108796"},"modified":"2018-06-29T20:53:39","modified_gmt":"2018-06-29T23:53:39","slug":"itarantim-prefeitura-abandona-cemiterio","status":"publish","type":"post","link":"https:\/\/www.politicosdosuldabahia.com.br\/v1\/2018\/06\/29\/itarantim-prefeitura-abandona-cemiterio\/","title":{"rendered":"ITARANTIM: PREFEITURA ABANDONA CEMIT\u00c9RIO"},"content":{"rendered":"<p><img loading=\"lazy\" decoding=\"async\" class=\"aligncenter wp-image-108797 size-full\" src=\"http:\/\/www.politicosdosuldabahia.com.br\/v1\/wp-content\/uploads\/2018\/06\/cemi-2.jpg\" alt=\"cemi 2\" width=\"448\" height=\"336\" srcset=\"https:\/\/www.politicosdosuldabahia.com.br\/v1\/wp-content\/uploads\/2018\/06\/cemi-2.jpg 448w, https:\/\/www.politicosdosuldabahia.com.br\/v1\/wp-content\/uploads\/2018\/06\/cemi-2-300x225.jpg 300w\" sizes=\"(max-width: 448px) 100vw, 448px\" \/><\/p>\n<h3 style=\"text-align: justify;\">Em Itarantim quem visita os t\u00famulos dos seus entes queridos no cemit\u00e9rio da cidade, denuncia o abandono do local por parte da Prefeitura municipal. No espa\u00e7o \u00e9 vis\u00edvel o abandono e o estado de calamidade do cemit\u00e9rio.<\/h3>\n<h3 style=\"text-align: justify;\">Vale lembrar que logo que assumiu o mandato em 2017, o prefeito Paulo Constru\u00e7\u00e3o (DEM) aderiu o populismo e foi at\u00e9 ao cemit\u00e9rio para realizar ele mesmo a limpeza.(foto abaixo)<\/h3>\n<h3 style=\"text-align: justify;\"><span style=\"color: #0000ff;\"><a style=\"color: #0000ff;\" href=\"http:\/\/www.politicosdosuldabahia.com.br\/v1\/2017\/03\/02\/itarantim-o-populismo-do-prefeito-paulo-construcao\/\" target=\"_blank\">Mas como o blog denunciou na \u00e9poca, era simplesmente populismo e empolga\u00e7\u00e3o de um prefeito rec\u00e9m empossado.<\/a><\/span><\/h3>\n<p><img loading=\"lazy\" decoding=\"async\" class=\"aligncenter wp-image-90140\" src=\"http:\/\/www.politicosdosuldabahia.com.br\/v1\/wp-content\/uploads\/2017\/03\/prf.jpg\" alt=\"prf\" width=\"460\" height=\"258\" srcset=\"https:\/\/www.politicosdosuldabahia.com.br\/v1\/wp-content\/uploads\/2017\/03\/prf.jpg 960w, https:\/\/www.politicosdosuldabahia.com.br\/v1\/wp-content\/uploads\/2017\/03\/prf-300x168.jpg 300w, https:\/\/www.politicosdosuldabahia.com.br\/v1\/wp-content\/uploads\/2017\/03\/prf-768x431.jpg 768w\" sizes=\"(max-width: 460px) 100vw, 460px\" \/><\/p>\n","protected":false},"excerpt":{"rendered":"<p>Em Itarantim quem visita os t\u00famulos dos seus entes queridos no cemit\u00e9rio da cidade, denuncia o abandono do local por parte da Prefeitura municipal. No espa\u00e7o \u00e9 vis\u00edvel o abandono e o estado de calamidade do cemit\u00e9rio. Vale lembrar que logo que assumiu o mandato em 2017, o prefeito Paulo Constru\u00e7\u00e3o (DEM) aderiu o populismo [&hellip;]<\/p>\n","protected":false},"author":2,"featured_media":108797,"comment_status":"open","ping_status":"open","sticky":false,"template":"","format":"standard","meta":{"footnotes":"","_links_to":"","_links_to_target":""},"categories":[23,1],"tags":[],"class_list":["post-108796","post","type-post","status-publish","format-standard","has-post-thumbnail","hentry","category-destaque1","category-geral"],"views":2356,"_links":{"self":[{"href":"https:\/\/www.politicosdosuldabahia.com.br\/v1\/wp-json\/wp\/v2\/posts\/108796"}],"collection":[{"href":"https:\/\/www.politicosdosuldabahia.com.br\/v1\/wp-json\/wp\/v2\/posts"}],"about":[{"href":"https:\/\/www.politicosdosuldabahia.com.br\/v1\/wp-json\/wp\/v2\/types\/post"}],"author":[{"embeddable":true,"href":"https:\/\/www.politicosdosuldabahia.com.br\/v1\/wp-json\/wp\/v2\/users\/2"}],"replies":[{"embeddable":true,"href":"https:\/\/www.politicosdosuldabahia.com.br\/v1\/wp-json\/wp\/v2\/comments?post=108796"}],"version-history":[{"count":1,"href":"https:\/\/www.politicosdosuldabahia.com.br\/v1\/wp-json\/wp\/v2\/posts\/108796\/revisions"}],"predecessor-version":[{"id":108798,"href":"https:\/\/www.politicosdosuldabahia.com.br\/v1\/wp-json\/wp\/v2\/posts\/108796\/revisions\/108798"}],"wp:featuredmedia":[{"embeddable":true,"href":"https:\/\/www.politicosdosuldabahia.com.br\/v1\/wp-json\/wp\/v2\/media\/108797"}],"wp:attachment":[{"href":"https:\/\/www.politicosdosuldabahia.com.br\/v1\/wp-json\/wp\/v2\/media?parent=108796"}],"wp:term":[{"taxonomy":"category","embeddable":true,"href":"https:\/\/www.politicosdosuldabahia.com.br\/v1\/wp-json\/wp\/v2\/categories?post=108796"},{"taxonomy":"post_tag","embeddable":true,"href":"https:\/\/www.politicosdosuldabahia.com.br\/v1\/wp-json\/wp\/v2\/tags?post=108796"}],"curies":[{"name":"wp","href":"https:\/\/api.w.org\/{rel}","templated":true}]}}