
{"id":108616,"date":"2018-06-25T16:00:27","date_gmt":"2018-06-25T19:00:27","guid":{"rendered":"http:\/\/www.politicosdosuldabahia.com.br\/v1\/?p=108616"},"modified":"2018-06-25T17:13:37","modified_gmt":"2018-06-25T20:13:37","slug":"bahia-rui-costa-se-reuniu-com-davidson-para-tratar-de-chapa","status":"publish","type":"post","link":"https:\/\/www.politicosdosuldabahia.com.br\/v1\/2018\/06\/25\/bahia-rui-costa-se-reuniu-com-davidson-para-tratar-de-chapa\/","title":{"rendered":"BAHIA: RUI COSTA SE REUNIU COM DAVIDSON PARA TRATAR DE CHAPA"},"content":{"rendered":"<p><img loading=\"lazy\" decoding=\"async\" class=\"aligncenter wp-image-108617\" src=\"http:\/\/www.politicosdosuldabahia.com.br\/v1\/wp-content\/uploads\/2018\/06\/rui-dav.jpg\" alt=\"rui dav\" width=\"450\" height=\"299\" srcset=\"https:\/\/www.politicosdosuldabahia.com.br\/v1\/wp-content\/uploads\/2018\/06\/rui-dav.jpg 800w, https:\/\/www.politicosdosuldabahia.com.br\/v1\/wp-content\/uploads\/2018\/06\/rui-dav-300x199.jpg 300w, https:\/\/www.politicosdosuldabahia.com.br\/v1\/wp-content\/uploads\/2018\/06\/rui-dav-768x510.jpg 768w\" sizes=\"(max-width: 450px) 100vw, 450px\" \/><\/p>\n<h3 style=\"text-align: justify;\">Na manh\u00e3 desta segunda-feira o governador Rui Costa (PT) se reuniu com o presidente estadual do PC do B, Davidson Magalh\u00e3es. A pauta da reuni\u00e3o foi o espa\u00e7o do PC do B na chapa.<\/h3>\n<h3 style=\"text-align: justify;\">O blog apurou que n\u00e3o ficou nada definido sobre Davidson ser suplente de senador, nesta tarde ter\u00e1 a reuni\u00e3o do conselho pol\u00edtico do governo do estado, e o anuncio dos suplentes dever\u00e1 ser feito no pr\u00f3ximo dia 6.<\/h3>\n<h3 style=\"text-align: justify;\">Uma fonte informou que depois desta reuni\u00e3o aumentou muito a chance de Davidson ser suplente de senador. Falta apenas ajustar alguns detalhes para o PC do B indicar o nome do mesmo para a chapa.<\/h3>\n","protected":false},"excerpt":{"rendered":"<p>Na manh\u00e3 desta segunda-feira o governador Rui Costa (PT) se reuniu com o presidente estadual do PC do B, Davidson Magalh\u00e3es. A pauta da reuni\u00e3o foi o espa\u00e7o do PC do B na chapa. O blog apurou que n\u00e3o ficou nada definido sobre Davidson ser suplente de senador, nesta tarde ter\u00e1 a reuni\u00e3o do conselho [&hellip;]<\/p>\n","protected":false},"author":2,"featured_media":108617,"comment_status":"open","ping_status":"open","sticky":false,"template":"","format":"standard","meta":{"footnotes":"","_links_to":"","_links_to_target":""},"categories":[23,1],"tags":[],"class_list":["post-108616","post","type-post","status-publish","format-standard","has-post-thumbnail","hentry","category-destaque1","category-geral"],"views":1266,"_links":{"self":[{"href":"https:\/\/www.politicosdosuldabahia.com.br\/v1\/wp-json\/wp\/v2\/posts\/108616"}],"collection":[{"href":"https:\/\/www.politicosdosuldabahia.com.br\/v1\/wp-json\/wp\/v2\/posts"}],"about":[{"href":"https:\/\/www.politicosdosuldabahia.com.br\/v1\/wp-json\/wp\/v2\/types\/post"}],"author":[{"embeddable":true,"href":"https:\/\/www.politicosdosuldabahia.com.br\/v1\/wp-json\/wp\/v2\/users\/2"}],"replies":[{"embeddable":true,"href":"https:\/\/www.politicosdosuldabahia.com.br\/v1\/wp-json\/wp\/v2\/comments?post=108616"}],"version-history":[{"count":1,"href":"https:\/\/www.politicosdosuldabahia.com.br\/v1\/wp-json\/wp\/v2\/posts\/108616\/revisions"}],"predecessor-version":[{"id":108618,"href":"https:\/\/www.politicosdosuldabahia.com.br\/v1\/wp-json\/wp\/v2\/posts\/108616\/revisions\/108618"}],"wp:featuredmedia":[{"embeddable":true,"href":"https:\/\/www.politicosdosuldabahia.com.br\/v1\/wp-json\/wp\/v2\/media\/108617"}],"wp:attachment":[{"href":"https:\/\/www.politicosdosuldabahia.com.br\/v1\/wp-json\/wp\/v2\/media?parent=108616"}],"wp:term":[{"taxonomy":"category","embeddable":true,"href":"https:\/\/www.politicosdosuldabahia.com.br\/v1\/wp-json\/wp\/v2\/categories?post=108616"},{"taxonomy":"post_tag","embeddable":true,"href":"https:\/\/www.politicosdosuldabahia.com.br\/v1\/wp-json\/wp\/v2\/tags?post=108616"}],"curies":[{"name":"wp","href":"https:\/\/api.w.org\/{rel}","templated":true}]}}