
{"id":108601,"date":"2018-06-25T11:36:19","date_gmt":"2018-06-25T14:36:19","guid":{"rendered":"http:\/\/www.politicosdosuldabahia.com.br\/v1\/?p=108601"},"modified":"2018-06-25T11:38:54","modified_gmt":"2018-06-25T14:38:54","slug":"itape-barragem-alaga-estrada-e-deixa-moradores-isolados","status":"publish","type":"post","link":"https:\/\/www.politicosdosuldabahia.com.br\/v1\/2018\/06\/25\/itape-barragem-alaga-estrada-e-deixa-moradores-isolados\/","title":{"rendered":"ITAP\u00c9:  BARRAGEM ALAGA ESTRADA E DEIXA MORADORES \u201cISOLADOS\u201d"},"content":{"rendered":"<p><img loading=\"lazy\" decoding=\"async\" class=\"aligncenter wp-image-108602\" src=\"http:\/\/www.politicosdosuldabahia.com.br\/v1\/wp-content\/uploads\/2018\/06\/barragem.jpg\" alt=\"barragem\" width=\"460\" height=\"259\" srcset=\"https:\/\/www.politicosdosuldabahia.com.br\/v1\/wp-content\/uploads\/2018\/06\/barragem.jpg 960w, https:\/\/www.politicosdosuldabahia.com.br\/v1\/wp-content\/uploads\/2018\/06\/barragem-300x169.jpg 300w, https:\/\/www.politicosdosuldabahia.com.br\/v1\/wp-content\/uploads\/2018\/06\/barragem-768x432.jpg 768w\" sizes=\"(max-width: 460px) 100vw, 460px\" \/><\/p>\n<h3 style=\"text-align: justify;\">Depois que colocaram v\u00e1lvulas nas comportas da barragem do Rio Col\u00f4nia, em Itap\u00e9, as \u00e1guas do rio come\u00e7aram a subir invadindo propriedades e a estrada vicinal.<\/h3>\n<h3 style=\"text-align: justify;\">A situa\u00e7\u00e3o dos moradores est\u00e1 complicada. Quem mora nas localidades do distrito de Estiva, est\u00e3o praticamente sem acesso.<\/h3>\n<h3 style=\"text-align: justify;\">Todos foram pegos de surpresa depois que as \u00e1guas do rio col\u00f4nia come\u00e7aram alagar a estrada.\u00a0Os moradores contam que o estado ficou de fazer uma nova estrada, para s\u00f3 depois alagar a atual.<\/h3>\n<h3 style=\"text-align: justify;\">O blog deixa espa\u00e7o aberto para o esclarecimento da assessoria de comunica\u00e7\u00e3o do estado.<\/h3>\n","protected":false},"excerpt":{"rendered":"<p>Depois que colocaram v\u00e1lvulas nas comportas da barragem do Rio Col\u00f4nia, em Itap\u00e9, as \u00e1guas do rio come\u00e7aram a subir invadindo propriedades e a estrada vicinal. A situa\u00e7\u00e3o dos moradores est\u00e1 complicada. Quem mora nas localidades do distrito de Estiva, est\u00e3o praticamente sem acesso. Todos foram pegos de surpresa depois que as \u00e1guas do rio [&hellip;]<\/p>\n","protected":false},"author":2,"featured_media":108602,"comment_status":"open","ping_status":"open","sticky":false,"template":"","format":"standard","meta":{"footnotes":"","_links_to":"","_links_to_target":""},"categories":[23,1],"tags":[],"class_list":["post-108601","post","type-post","status-publish","format-standard","has-post-thumbnail","hentry","category-destaque1","category-geral"],"views":3049,"_links":{"self":[{"href":"https:\/\/www.politicosdosuldabahia.com.br\/v1\/wp-json\/wp\/v2\/posts\/108601"}],"collection":[{"href":"https:\/\/www.politicosdosuldabahia.com.br\/v1\/wp-json\/wp\/v2\/posts"}],"about":[{"href":"https:\/\/www.politicosdosuldabahia.com.br\/v1\/wp-json\/wp\/v2\/types\/post"}],"author":[{"embeddable":true,"href":"https:\/\/www.politicosdosuldabahia.com.br\/v1\/wp-json\/wp\/v2\/users\/2"}],"replies":[{"embeddable":true,"href":"https:\/\/www.politicosdosuldabahia.com.br\/v1\/wp-json\/wp\/v2\/comments?post=108601"}],"version-history":[{"count":1,"href":"https:\/\/www.politicosdosuldabahia.com.br\/v1\/wp-json\/wp\/v2\/posts\/108601\/revisions"}],"predecessor-version":[{"id":108603,"href":"https:\/\/www.politicosdosuldabahia.com.br\/v1\/wp-json\/wp\/v2\/posts\/108601\/revisions\/108603"}],"wp:featuredmedia":[{"embeddable":true,"href":"https:\/\/www.politicosdosuldabahia.com.br\/v1\/wp-json\/wp\/v2\/media\/108602"}],"wp:attachment":[{"href":"https:\/\/www.politicosdosuldabahia.com.br\/v1\/wp-json\/wp\/v2\/media?parent=108601"}],"wp:term":[{"taxonomy":"category","embeddable":true,"href":"https:\/\/www.politicosdosuldabahia.com.br\/v1\/wp-json\/wp\/v2\/categories?post=108601"},{"taxonomy":"post_tag","embeddable":true,"href":"https:\/\/www.politicosdosuldabahia.com.br\/v1\/wp-json\/wp\/v2\/tags?post=108601"}],"curies":[{"name":"wp","href":"https:\/\/api.w.org\/{rel}","templated":true}]}}