
{"id":107956,"date":"2018-06-08T22:45:00","date_gmt":"2018-06-09T01:45:00","guid":{"rendered":"http:\/\/www.politicosdosuldabahia.com.br\/v1\/?p=107956"},"modified":"2018-06-11T09:12:45","modified_gmt":"2018-06-11T12:12:45","slug":"itabuna-capivaras-invadem-canteiro-central-de-avenida","status":"publish","type":"post","link":"https:\/\/www.politicosdosuldabahia.com.br\/v1\/2018\/06\/08\/itabuna-capivaras-invadem-canteiro-central-de-avenida\/","title":{"rendered":"ITABUNA:  CAPIVARAS INVADEM CANTEIRO CENTRAL DE AVENIDA"},"content":{"rendered":"<p><img loading=\"lazy\" decoding=\"async\" class=\"aligncenter wp-image-107957\" src=\"http:\/\/www.politicosdosuldabahia.com.br\/v1\/wp-content\/uploads\/2018\/06\/capi.jpg\" alt=\"capi\" width=\"460\" height=\"345\" srcset=\"https:\/\/www.politicosdosuldabahia.com.br\/v1\/wp-content\/uploads\/2018\/06\/capi.jpg 960w, https:\/\/www.politicosdosuldabahia.com.br\/v1\/wp-content\/uploads\/2018\/06\/capi-300x225.jpg 300w, https:\/\/www.politicosdosuldabahia.com.br\/v1\/wp-content\/uploads\/2018\/06\/capi-768x576.jpg 768w\" sizes=\"(max-width: 460px) 100vw, 460px\" \/><\/p>\n<h3 style=\"text-align: justify;\">Na noite da \u00faltima quinta-feira um motorista fotografou v\u00e1rias capivaras no canteiro central da avenida Aziz Maron, em Itabuna. As capivaras est\u00e3o h\u00e1 muito tempo na margem do rio Cachoeira, mas recentemente tem se aproximado muito da avenida.<\/h3>\n<h3 style=\"text-align: justify;\">Em dezembro do ano passado uma capivara atacou uma crian\u00e7a que tentou se aproximar, o epis\u00f3dio teve grande repercuss\u00e3o. A prefeitura tem que tomar alguma medida para evitar um grande problema no futuro.<\/h3>\n","protected":false},"excerpt":{"rendered":"<p>Na noite da \u00faltima quinta-feira um motorista fotografou v\u00e1rias capivaras no canteiro central da avenida Aziz Maron, em Itabuna. As capivaras est\u00e3o h\u00e1 muito tempo na margem do rio Cachoeira, mas recentemente tem se aproximado muito da avenida. Em dezembro do ano passado uma capivara atacou uma crian\u00e7a que tentou se aproximar, o epis\u00f3dio teve [&hellip;]<\/p>\n","protected":false},"author":2,"featured_media":107957,"comment_status":"open","ping_status":"open","sticky":false,"template":"","format":"standard","meta":{"footnotes":"","_links_to":"","_links_to_target":""},"categories":[23,1],"tags":[],"class_list":["post-107956","post","type-post","status-publish","format-standard","has-post-thumbnail","hentry","category-destaque1","category-geral"],"views":9571,"_links":{"self":[{"href":"https:\/\/www.politicosdosuldabahia.com.br\/v1\/wp-json\/wp\/v2\/posts\/107956"}],"collection":[{"href":"https:\/\/www.politicosdosuldabahia.com.br\/v1\/wp-json\/wp\/v2\/posts"}],"about":[{"href":"https:\/\/www.politicosdosuldabahia.com.br\/v1\/wp-json\/wp\/v2\/types\/post"}],"author":[{"embeddable":true,"href":"https:\/\/www.politicosdosuldabahia.com.br\/v1\/wp-json\/wp\/v2\/users\/2"}],"replies":[{"embeddable":true,"href":"https:\/\/www.politicosdosuldabahia.com.br\/v1\/wp-json\/wp\/v2\/comments?post=107956"}],"version-history":[{"count":2,"href":"https:\/\/www.politicosdosuldabahia.com.br\/v1\/wp-json\/wp\/v2\/posts\/107956\/revisions"}],"predecessor-version":[{"id":107959,"href":"https:\/\/www.politicosdosuldabahia.com.br\/v1\/wp-json\/wp\/v2\/posts\/107956\/revisions\/107959"}],"wp:featuredmedia":[{"embeddable":true,"href":"https:\/\/www.politicosdosuldabahia.com.br\/v1\/wp-json\/wp\/v2\/media\/107957"}],"wp:attachment":[{"href":"https:\/\/www.politicosdosuldabahia.com.br\/v1\/wp-json\/wp\/v2\/media?parent=107956"}],"wp:term":[{"taxonomy":"category","embeddable":true,"href":"https:\/\/www.politicosdosuldabahia.com.br\/v1\/wp-json\/wp\/v2\/categories?post=107956"},{"taxonomy":"post_tag","embeddable":true,"href":"https:\/\/www.politicosdosuldabahia.com.br\/v1\/wp-json\/wp\/v2\/tags?post=107956"}],"curies":[{"name":"wp","href":"https:\/\/api.w.org\/{rel}","templated":true}]}}