
{"id":106392,"date":"2018-05-02T19:57:21","date_gmt":"2018-05-02T22:57:21","guid":{"rendered":"http:\/\/www.politicosdosuldabahia.com.br\/v1\/?p=106392"},"modified":"2018-05-02T19:58:14","modified_gmt":"2018-05-02T22:58:14","slug":"coaraci-cacau-com-leite-sinho-ferrary-e-tony-fernandes-no-sao-joao-antecipado","status":"publish","type":"post","link":"https:\/\/www.politicosdosuldabahia.com.br\/v1\/2018\/05\/02\/coaraci-cacau-com-leite-sinho-ferrary-e-tony-fernandes-no-sao-joao-antecipado\/","title":{"rendered":"COARACI: CACAU COM LEITE, SINHO FERRARY E TONY FERNANDES NO S\u00c3O JO\u00c3O ANTECIPADO"},"content":{"rendered":"<p><img loading=\"lazy\" decoding=\"async\" class=\"aligncenter wp-image-106394\" src=\"http:\/\/www.politicosdosuldabahia.com.br\/v1\/wp-content\/uploads\/2018\/05\/coa.jpg\" alt=\"coa\" width=\"454\" height=\"211\" srcset=\"https:\/\/www.politicosdosuldabahia.com.br\/v1\/wp-content\/uploads\/2018\/05\/coa.jpg 894w, https:\/\/www.politicosdosuldabahia.com.br\/v1\/wp-content\/uploads\/2018\/05\/coa-300x139.jpg 300w, https:\/\/www.politicosdosuldabahia.com.br\/v1\/wp-content\/uploads\/2018\/05\/coa-768x357.jpg 768w\" sizes=\"(max-width: 454px) 100vw, 454px\" \/><\/p>\n<h3 style=\"text-align: justify;\">Atendendo aos anseios do com\u00e9rcio local, o prefeito Jadson Albano se reuniu nesta quarta-feira (02) com a CDL de Coaraci para apresentar o estudo realizado junto aos seus secret\u00e1rios no intuito de realizar os festejos juninos no munic\u00edpio. Na pauta da reuni\u00e3o o prefeito citou a import\u00e2ncia extrema de manter os sal\u00e1rios dos servidores municipais rigorosamente em dia e somente com o planejamento financeiro trabalhado nesse sentido, est\u00e1 direcionando um valor para a realiza\u00e7\u00e3o dos festejos juninos. Ser\u00e1 uma festa realizada nos dias 9 e 10 de junho, antecipadamente para reduzir os custos com atra\u00e7\u00f5es e estrutura log\u00edstica, al\u00e9m de atrair o foco regional por n\u00e3o competir com outros munic\u00edpios.<\/h3>\n<h3 style=\"text-align: justify;\">Entre as atra\u00e7\u00f5es est\u00e3o a tradicional banda Cacau com Leite, o cantor Sinho Ferrary e o cantor Tony Fernandes. &#8220;Estamos fazendo essa festa para atender aos anseios da nossa comunidade, tanto os comerciantes que precisam desse incentivo econ\u00f4mico, como os nossos mun\u00edcipes que merecem momentos de divers\u00e3o (&#8230;) Estamos preocupados em manter os sal\u00e1rios rigorosamente em dia, pagar os nossos fornecedores e preparar a nossa Coaraci para um novo momento&#8221; citou o prefeito Jadson Albano.<\/h3>\n<h3 style=\"text-align: justify;\">O prefeito e sua equipe estar\u00e3o apresentando oficialmente o S\u00e3o Jo\u00e3o Antecipado de Coaraci nesta sexta-feira no Programa Revista da Cidade \u00e0s 12h pela Terra do Sol FM e Rede Portal e no programa Diga A\u00ed Coaraci \u00e0s 17h tamb\u00e9m pela Terra do Sol Fm e pela Rede Portal.<\/h3>\n","protected":false},"excerpt":{"rendered":"<p>Atendendo aos anseios do com\u00e9rcio local, o prefeito Jadson Albano se reuniu nesta quarta-feira (02) com a CDL de Coaraci para apresentar o estudo realizado junto aos seus secret\u00e1rios no intuito de realizar os festejos juninos no munic\u00edpio. Na pauta da reuni\u00e3o o prefeito citou a import\u00e2ncia extrema de manter os sal\u00e1rios dos servidores municipais [&hellip;]<\/p>\n","protected":false},"author":2,"featured_media":106394,"comment_status":"open","ping_status":"open","sticky":false,"template":"","format":"standard","meta":{"footnotes":"","_links_to":"","_links_to_target":""},"categories":[24,1],"tags":[],"class_list":["post-106392","post","type-post","status-publish","format-standard","has-post-thumbnail","hentry","category-destaque2","category-geral"],"views":3773,"_links":{"self":[{"href":"https:\/\/www.politicosdosuldabahia.com.br\/v1\/wp-json\/wp\/v2\/posts\/106392"}],"collection":[{"href":"https:\/\/www.politicosdosuldabahia.com.br\/v1\/wp-json\/wp\/v2\/posts"}],"about":[{"href":"https:\/\/www.politicosdosuldabahia.com.br\/v1\/wp-json\/wp\/v2\/types\/post"}],"author":[{"embeddable":true,"href":"https:\/\/www.politicosdosuldabahia.com.br\/v1\/wp-json\/wp\/v2\/users\/2"}],"replies":[{"embeddable":true,"href":"https:\/\/www.politicosdosuldabahia.com.br\/v1\/wp-json\/wp\/v2\/comments?post=106392"}],"version-history":[{"count":1,"href":"https:\/\/www.politicosdosuldabahia.com.br\/v1\/wp-json\/wp\/v2\/posts\/106392\/revisions"}],"predecessor-version":[{"id":106395,"href":"https:\/\/www.politicosdosuldabahia.com.br\/v1\/wp-json\/wp\/v2\/posts\/106392\/revisions\/106395"}],"wp:featuredmedia":[{"embeddable":true,"href":"https:\/\/www.politicosdosuldabahia.com.br\/v1\/wp-json\/wp\/v2\/media\/106394"}],"wp:attachment":[{"href":"https:\/\/www.politicosdosuldabahia.com.br\/v1\/wp-json\/wp\/v2\/media?parent=106392"}],"wp:term":[{"taxonomy":"category","embeddable":true,"href":"https:\/\/www.politicosdosuldabahia.com.br\/v1\/wp-json\/wp\/v2\/categories?post=106392"},{"taxonomy":"post_tag","embeddable":true,"href":"https:\/\/www.politicosdosuldabahia.com.br\/v1\/wp-json\/wp\/v2\/tags?post=106392"}],"curies":[{"name":"wp","href":"https:\/\/api.w.org\/{rel}","templated":true}]}}