
{"id":105267,"date":"2018-04-10T17:37:03","date_gmt":"2018-04-10T20:37:03","guid":{"rendered":"http:\/\/www.politicosdosuldabahia.com.br\/v1\/?p=105267"},"modified":"2018-04-10T17:37:52","modified_gmt":"2018-04-10T20:37:52","slug":"porto-seguro-vice-prefeito-beto-pede-licenca-para-nao-entregar-o-cargo-para-claudia-oliveira","status":"publish","type":"post","link":"https:\/\/www.politicosdosuldabahia.com.br\/v1\/2018\/04\/10\/porto-seguro-vice-prefeito-beto-pede-licenca-para-nao-entregar-o-cargo-para-claudia-oliveira\/","title":{"rendered":"PORTO SEGURO: VICE-PREFEITO BETO PEDE LICEN\u00c7A PARA N\u00c3O ENTREGAR O CARGO PARA CL\u00c1UDIA OLIVEIRA"},"content":{"rendered":"<p><img loading=\"lazy\" decoding=\"async\" class=\"aligncenter wp-image-105268\" src=\"http:\/\/www.politicosdosuldabahia.com.br\/v1\/wp-content\/uploads\/2018\/04\/claudia.jpg\" alt=\"claudia\" width=\"460\" height=\"319\" \/><\/p>\n<h3 style=\"text-align: justify;\">Nesta ter\u00e7a-feira Cl\u00e1udia Oliveira (PSD) foi empossada como prefeita de Porto Seguro. Ela estava afastada do cargo desde novembro, em virtude de uma decis\u00e3o judicial.<\/h3>\n<h3 style=\"text-align: justify;\">Mas parece que n\u00e3o est\u00e1 nada boa a rela\u00e7\u00e3o entre Cl\u00e1udia e o vice-prefeito Beto Ax\u00e9 Moi (PP). O mesmo pediu licen\u00e7a do cargo na \u00faltima sexta-feira, e viajou para n\u00e3o prestigiar a posse da prefeita.<\/h3>\n<h3 style=\"text-align: justify;\">Segundo informa\u00e7\u00f5es, Cl\u00e1udia Oliveira exonerou a secret\u00e1ria de educa\u00e7\u00e3o que foi indicada por Beto Ax\u00e9 Moi durante o tempo que ficou no comando da prefeitura. Cl\u00e1udia tamb\u00e9m nomeou Maur\u00edcio Pedrosa, para a secretaria de rela\u00e7\u00f5es institucionais, o mesmo \u00e9 desafeto do vice Beto Ax\u00e9 Moi.<\/h3>\n","protected":false},"excerpt":{"rendered":"<p>Nesta ter\u00e7a-feira Cl\u00e1udia Oliveira (PSD) foi empossada como prefeita de Porto Seguro. Ela estava afastada do cargo desde novembro, em virtude de uma decis\u00e3o judicial. Mas parece que n\u00e3o est\u00e1 nada boa a rela\u00e7\u00e3o entre Cl\u00e1udia e o vice-prefeito Beto Ax\u00e9 Moi (PP). O mesmo pediu licen\u00e7a do cargo na \u00faltima sexta-feira, e viajou para [&hellip;]<\/p>\n","protected":false},"author":2,"featured_media":105268,"comment_status":"open","ping_status":"open","sticky":false,"template":"","format":"standard","meta":{"footnotes":"","_links_to":"","_links_to_target":""},"categories":[24,1],"tags":[],"class_list":["post-105267","post","type-post","status-publish","format-standard","has-post-thumbnail","hentry","category-destaque2","category-geral"],"views":4210,"_links":{"self":[{"href":"https:\/\/www.politicosdosuldabahia.com.br\/v1\/wp-json\/wp\/v2\/posts\/105267"}],"collection":[{"href":"https:\/\/www.politicosdosuldabahia.com.br\/v1\/wp-json\/wp\/v2\/posts"}],"about":[{"href":"https:\/\/www.politicosdosuldabahia.com.br\/v1\/wp-json\/wp\/v2\/types\/post"}],"author":[{"embeddable":true,"href":"https:\/\/www.politicosdosuldabahia.com.br\/v1\/wp-json\/wp\/v2\/users\/2"}],"replies":[{"embeddable":true,"href":"https:\/\/www.politicosdosuldabahia.com.br\/v1\/wp-json\/wp\/v2\/comments?post=105267"}],"version-history":[{"count":2,"href":"https:\/\/www.politicosdosuldabahia.com.br\/v1\/wp-json\/wp\/v2\/posts\/105267\/revisions"}],"predecessor-version":[{"id":105270,"href":"https:\/\/www.politicosdosuldabahia.com.br\/v1\/wp-json\/wp\/v2\/posts\/105267\/revisions\/105270"}],"wp:featuredmedia":[{"embeddable":true,"href":"https:\/\/www.politicosdosuldabahia.com.br\/v1\/wp-json\/wp\/v2\/media\/105268"}],"wp:attachment":[{"href":"https:\/\/www.politicosdosuldabahia.com.br\/v1\/wp-json\/wp\/v2\/media?parent=105267"}],"wp:term":[{"taxonomy":"category","embeddable":true,"href":"https:\/\/www.politicosdosuldabahia.com.br\/v1\/wp-json\/wp\/v2\/categories?post=105267"},{"taxonomy":"post_tag","embeddable":true,"href":"https:\/\/www.politicosdosuldabahia.com.br\/v1\/wp-json\/wp\/v2\/tags?post=105267"}],"curies":[{"name":"wp","href":"https:\/\/api.w.org\/{rel}","templated":true}]}}