
{"id":102868,"date":"2018-02-14T11:20:17","date_gmt":"2018-02-14T14:20:17","guid":{"rendered":"http:\/\/www.politicosdosuldabahia.com.br\/v1\/?p=102868"},"modified":"2018-02-14T11:20:53","modified_gmt":"2018-02-14T14:20:53","slug":"camamu-tse-vai-julgar-situacao-da-prefeita-oposicao-acredita-em-cassacao","status":"publish","type":"post","link":"https:\/\/www.politicosdosuldabahia.com.br\/v1\/2018\/02\/14\/camamu-tse-vai-julgar-situacao-da-prefeita-oposicao-acredita-em-cassacao\/","title":{"rendered":"CAMAMU: TSE VAI JULGAR SITUA\u00c7\u00c3O DA PREFEITA, OPOSI\u00c7\u00c3O ACREDITA EM CASSA\u00c7\u00c3O"},"content":{"rendered":"<p><img loading=\"lazy\" decoding=\"async\" class=\"aligncenter wp-image-82933\" src=\"http:\/\/www.politicosdosuldabahia.com.br\/v1\/wp-content\/uploads\/2016\/04\/ion\u00e1queiroz.jpg\" alt=\"ion\u00e1queiroz\" width=\"479\" height=\"433\" \/><\/p>\n<h4 style=\"text-align: justify;\">A oposi\u00e7\u00e3o de Camamu est\u00e1 na expectativa sobre a pauta do Tribunal Superior Eleitoral (TSE), que ter\u00e1 o processo da prefeita lon\u00e1 Queiroz (PT). A oposi\u00e7\u00e3o acredita que a chance \u00e9 real da prefeita ser cassada e ser realizada uma nova elei\u00e7\u00e3o.<\/h4>\n<h4 style=\"text-align: justify;\">A oposi\u00e7\u00e3o fundamentou a a\u00e7\u00e3o no precedente de Tiangu\u00e1\/CE, cuja an\u00e1lise de constitucionalidade est\u00e1 pendente de julgamento no Supremo Tribunal Federal.<\/h4>\n<h4 style=\"text-align: justify;\">Para entender, lona teve uma condena\u00e7\u00e3o em 2008, e existe uma discuss\u00e3o sobre quando vence os oito anos de inelegibilidade, ou em 2 ou 5 de outubro de 2016. No caso de Tiangu\u00e1, a maioria dos membros do TSE entenderam que vence em 5, com isso Ion\u00e1 ter\u00e1 seu registro indeferido e mandato cassado.<\/h4>\n<h4 style=\"text-align: justify;\">O blog manteve contato com o advogado Sidney Neves, que \u00e9 um dos advogados da prefeita no TSE, ele comentou sobre o julgamento:<\/h4>\n<h4 style=\"text-align: justify;\">\u201cNesse momento n\u00e3o ser\u00e1 julgado o registro dela. Apenas a quest\u00e3o relacionada ao sobrestamento do processo at\u00e9 a modula\u00e7\u00e3o dos efeitos pelo Supremo, de um julgado sobre a aplica\u00e7\u00e3o da Ficha Limpa em rela\u00e7\u00e3o aos que foram condenados antes de 2010\u201d, declarou o advogado.<\/h4>\n","protected":false},"excerpt":{"rendered":"<p>A oposi\u00e7\u00e3o de Camamu est\u00e1 na expectativa sobre a pauta do Tribunal Superior Eleitoral (TSE), que ter\u00e1 o processo da prefeita lon\u00e1 Queiroz (PT). A oposi\u00e7\u00e3o acredita que a chance \u00e9 real da prefeita ser cassada e ser realizada uma nova elei\u00e7\u00e3o. A oposi\u00e7\u00e3o fundamentou a a\u00e7\u00e3o no precedente de Tiangu\u00e1\/CE, cuja an\u00e1lise de constitucionalidade [&hellip;]<\/p>\n","protected":false},"author":2,"featured_media":82933,"comment_status":"open","ping_status":"open","sticky":false,"template":"","format":"standard","meta":{"footnotes":"","_links_to":"","_links_to_target":""},"categories":[23,1],"tags":[],"class_list":["post-102868","post","type-post","status-publish","format-standard","has-post-thumbnail","hentry","category-destaque1","category-geral"],"views":2423,"_links":{"self":[{"href":"https:\/\/www.politicosdosuldabahia.com.br\/v1\/wp-json\/wp\/v2\/posts\/102868"}],"collection":[{"href":"https:\/\/www.politicosdosuldabahia.com.br\/v1\/wp-json\/wp\/v2\/posts"}],"about":[{"href":"https:\/\/www.politicosdosuldabahia.com.br\/v1\/wp-json\/wp\/v2\/types\/post"}],"author":[{"embeddable":true,"href":"https:\/\/www.politicosdosuldabahia.com.br\/v1\/wp-json\/wp\/v2\/users\/2"}],"replies":[{"embeddable":true,"href":"https:\/\/www.politicosdosuldabahia.com.br\/v1\/wp-json\/wp\/v2\/comments?post=102868"}],"version-history":[{"count":1,"href":"https:\/\/www.politicosdosuldabahia.com.br\/v1\/wp-json\/wp\/v2\/posts\/102868\/revisions"}],"predecessor-version":[{"id":102869,"href":"https:\/\/www.politicosdosuldabahia.com.br\/v1\/wp-json\/wp\/v2\/posts\/102868\/revisions\/102869"}],"wp:featuredmedia":[{"embeddable":true,"href":"https:\/\/www.politicosdosuldabahia.com.br\/v1\/wp-json\/wp\/v2\/media\/82933"}],"wp:attachment":[{"href":"https:\/\/www.politicosdosuldabahia.com.br\/v1\/wp-json\/wp\/v2\/media?parent=102868"}],"wp:term":[{"taxonomy":"category","embeddable":true,"href":"https:\/\/www.politicosdosuldabahia.com.br\/v1\/wp-json\/wp\/v2\/categories?post=102868"},{"taxonomy":"post_tag","embeddable":true,"href":"https:\/\/www.politicosdosuldabahia.com.br\/v1\/wp-json\/wp\/v2\/tags?post=102868"}],"curies":[{"name":"wp","href":"https:\/\/api.w.org\/{rel}","templated":true}]}}