
{"id":101771,"date":"2018-01-16T17:06:46","date_gmt":"2018-01-16T20:06:46","guid":{"rendered":"http:\/\/www.politicosdosuldabahia.com.br\/v1\/?p=101771"},"modified":"2018-01-16T16:12:35","modified_gmt":"2018-01-16T19:12:35","slug":"coaraci-sergio-fraife-cria-terceira-via-na-cidade","status":"publish","type":"post","link":"https:\/\/www.politicosdosuldabahia.com.br\/v1\/2018\/01\/16\/coaraci-sergio-fraife-cria-terceira-via-na-cidade\/","title":{"rendered":"COARACI: S\u00c9RGIO FRAIFE CRIA TERCEIRA VIA NA CIDADE"},"content":{"rendered":"<p><img loading=\"lazy\" decoding=\"async\" class=\"aligncenter wp-image-101772\" src=\"http:\/\/www.politicosdosuldabahia.com.br\/v1\/wp-content\/uploads\/2018\/01\/coa.jpg\" alt=\"coa\" width=\"467\" height=\"350\" srcset=\"https:\/\/www.politicosdosuldabahia.com.br\/v1\/wp-content\/uploads\/2018\/01\/coa.jpg 667w, https:\/\/www.politicosdosuldabahia.com.br\/v1\/wp-content\/uploads\/2018\/01\/coa-300x225.jpg 300w\" sizes=\"(max-width: 467px) 100vw, 467px\" \/><\/p>\n<h4 style=\"text-align: justify;\">Em Coaraci o ex-vice-prefeito Sergio Faife est\u00e1 articulando para criar a terceira via pol\u00edtica na cidade. O grupo ser\u00e1 formado por pessoas descontentes com o atual Prefeito Jadson Albano(DEM) e com a ex-prefeita Josefina Castro (PT).<\/h4>\n<h4 style=\"text-align: justify;\">O grupo tem se reunido para definir os candidatos da elei\u00e7\u00e3o deste ano, se Geraldo Sim\u00f5es(PT) for candidato a deputado estadual, \u00e9 o favorito para ter o apoio do grupo. J\u00e1 o deputado federal dever\u00e1 ser Valmir Assun\u00e7\u00e3o (PT).<\/h4>\n<h4 style=\"text-align: justify;\">Segundo uma fonte, o grupo de forma alguma vai apoiar Rosembergue Pinto 9PT) ou com Paulo C\u00e2mara (PSDB)..<\/h4>\n","protected":false},"excerpt":{"rendered":"<p>Em Coaraci o ex-vice-prefeito Sergio Faife est\u00e1 articulando para criar a terceira via pol\u00edtica na cidade. O grupo ser\u00e1 formado por pessoas descontentes com o atual Prefeito Jadson Albano(DEM) e com a ex-prefeita Josefina Castro (PT). O grupo tem se reunido para definir os candidatos da elei\u00e7\u00e3o deste ano, se Geraldo Sim\u00f5es(PT) for candidato a [&hellip;]<\/p>\n","protected":false},"author":2,"featured_media":0,"comment_status":"open","ping_status":"open","sticky":false,"template":"","format":"standard","meta":{"footnotes":"","_links_to":"","_links_to_target":""},"categories":[1],"tags":[],"class_list":["post-101771","post","type-post","status-publish","format-standard","hentry","category-geral"],"views":1562,"_links":{"self":[{"href":"https:\/\/www.politicosdosuldabahia.com.br\/v1\/wp-json\/wp\/v2\/posts\/101771"}],"collection":[{"href":"https:\/\/www.politicosdosuldabahia.com.br\/v1\/wp-json\/wp\/v2\/posts"}],"about":[{"href":"https:\/\/www.politicosdosuldabahia.com.br\/v1\/wp-json\/wp\/v2\/types\/post"}],"author":[{"embeddable":true,"href":"https:\/\/www.politicosdosuldabahia.com.br\/v1\/wp-json\/wp\/v2\/users\/2"}],"replies":[{"embeddable":true,"href":"https:\/\/www.politicosdosuldabahia.com.br\/v1\/wp-json\/wp\/v2\/comments?post=101771"}],"version-history":[{"count":1,"href":"https:\/\/www.politicosdosuldabahia.com.br\/v1\/wp-json\/wp\/v2\/posts\/101771\/revisions"}],"predecessor-version":[{"id":101773,"href":"https:\/\/www.politicosdosuldabahia.com.br\/v1\/wp-json\/wp\/v2\/posts\/101771\/revisions\/101773"}],"wp:attachment":[{"href":"https:\/\/www.politicosdosuldabahia.com.br\/v1\/wp-json\/wp\/v2\/media?parent=101771"}],"wp:term":[{"taxonomy":"category","embeddable":true,"href":"https:\/\/www.politicosdosuldabahia.com.br\/v1\/wp-json\/wp\/v2\/categories?post=101771"},{"taxonomy":"post_tag","embeddable":true,"href":"https:\/\/www.politicosdosuldabahia.com.br\/v1\/wp-json\/wp\/v2\/tags?post=101771"}],"curies":[{"name":"wp","href":"https:\/\/api.w.org\/{rel}","templated":true}]}}