
{"id":100955,"date":"2017-12-22T22:24:41","date_gmt":"2017-12-23T01:24:41","guid":{"rendered":"http:\/\/www.politicosdosuldabahia.com.br\/v1\/?p=100955"},"modified":"2017-12-22T22:25:09","modified_gmt":"2017-12-23T01:25:09","slug":"itororo-primeiro-ano-do-governo-adauto-foi-uma-decepcao","status":"publish","type":"post","link":"https:\/\/www.politicosdosuldabahia.com.br\/v1\/2017\/12\/22\/itororo-primeiro-ano-do-governo-adauto-foi-uma-decepcao\/","title":{"rendered":"ITOROR\u00d3: PRIMEIRO ANO DO GOVERNO ADAUTO FOI UMA DECEP\u00c7\u00c3O"},"content":{"rendered":"<p><img loading=\"lazy\" decoding=\"async\" class=\"aligncenter wp-image-100956 size-full\" src=\"http:\/\/www.politicosdosuldabahia.com.br\/v1\/wp-content\/uploads\/2017\/12\/Dr-Adauto-e1493156895747.jpg\" alt=\"Dr-Adauto-e1493156895747\" width=\"500\" height=\"471\" srcset=\"https:\/\/www.politicosdosuldabahia.com.br\/v1\/wp-content\/uploads\/2017\/12\/Dr-Adauto-e1493156895747.jpg 500w, https:\/\/www.politicosdosuldabahia.com.br\/v1\/wp-content\/uploads\/2017\/12\/Dr-Adauto-e1493156895747-300x283.jpg 300w\" sizes=\"(max-width: 500px) 100vw, 500px\" \/><\/p>\n<h4 style=\"text-align: justify;\">O m\u00e9dico Adauto (PSDB) foi eleito em 2016 como prefeito de Itoror\u00f3 usando um discurso que faria um governo moderno. Ele conseguiu derrotar dois ex-prefeitos na disputa e teve uma vota\u00e7\u00e3o expressiva.<\/h4>\n<h4 style=\"text-align: justify;\">Logo ap\u00f3s a elei\u00e7\u00e3o ele concedeu entrevista no Fant\u00e1stico, da rede Globo, e falou que o seu governo seria inovador. Mas o primeiro ano de governo foi uma nega\u00e7\u00e3o, ele despencou nos \u00edndices de popularidade e se a elei\u00e7\u00e3o fosse hoje teria dificuldade de fazer com\u00edcio.<\/h4>\n<h4 style=\"text-align: justify;\">A expectativa \u00e9 que no pr\u00f3ximo ano o prefeito consiga colocar a cidade nos trilhos do desenvolvimento e realizar um governo como foi prometido durante a campanha.<\/h4>\n","protected":false},"excerpt":{"rendered":"<p>O m\u00e9dico Adauto (PSDB) foi eleito em 2016 como prefeito de Itoror\u00f3 usando um discurso que faria um governo moderno. Ele conseguiu derrotar dois ex-prefeitos na disputa e teve uma vota\u00e7\u00e3o expressiva. Logo ap\u00f3s a elei\u00e7\u00e3o ele concedeu entrevista no Fant\u00e1stico, da rede Globo, e falou que o seu governo seria inovador. Mas o primeiro [&hellip;]<\/p>\n","protected":false},"author":2,"featured_media":100956,"comment_status":"open","ping_status":"open","sticky":false,"template":"","format":"standard","meta":{"footnotes":"","_links_to":"","_links_to_target":""},"categories":[24,1],"tags":[],"class_list":["post-100955","post","type-post","status-publish","format-standard","has-post-thumbnail","hentry","category-destaque2","category-geral"],"views":1906,"_links":{"self":[{"href":"https:\/\/www.politicosdosuldabahia.com.br\/v1\/wp-json\/wp\/v2\/posts\/100955"}],"collection":[{"href":"https:\/\/www.politicosdosuldabahia.com.br\/v1\/wp-json\/wp\/v2\/posts"}],"about":[{"href":"https:\/\/www.politicosdosuldabahia.com.br\/v1\/wp-json\/wp\/v2\/types\/post"}],"author":[{"embeddable":true,"href":"https:\/\/www.politicosdosuldabahia.com.br\/v1\/wp-json\/wp\/v2\/users\/2"}],"replies":[{"embeddable":true,"href":"https:\/\/www.politicosdosuldabahia.com.br\/v1\/wp-json\/wp\/v2\/comments?post=100955"}],"version-history":[{"count":1,"href":"https:\/\/www.politicosdosuldabahia.com.br\/v1\/wp-json\/wp\/v2\/posts\/100955\/revisions"}],"predecessor-version":[{"id":100957,"href":"https:\/\/www.politicosdosuldabahia.com.br\/v1\/wp-json\/wp\/v2\/posts\/100955\/revisions\/100957"}],"wp:featuredmedia":[{"embeddable":true,"href":"https:\/\/www.politicosdosuldabahia.com.br\/v1\/wp-json\/wp\/v2\/media\/100956"}],"wp:attachment":[{"href":"https:\/\/www.politicosdosuldabahia.com.br\/v1\/wp-json\/wp\/v2\/media?parent=100955"}],"wp:term":[{"taxonomy":"category","embeddable":true,"href":"https:\/\/www.politicosdosuldabahia.com.br\/v1\/wp-json\/wp\/v2\/categories?post=100955"},{"taxonomy":"post_tag","embeddable":true,"href":"https:\/\/www.politicosdosuldabahia.com.br\/v1\/wp-json\/wp\/v2\/tags?post=100955"}],"curies":[{"name":"wp","href":"https:\/\/api.w.org\/{rel}","templated":true}]}}