
{"id":100449,"date":"2017-12-11T22:47:13","date_gmt":"2017-12-12T01:47:13","guid":{"rendered":"http:\/\/www.politicosdosuldabahia.com.br\/v1\/?p=100449"},"modified":"2017-12-11T22:47:41","modified_gmt":"2017-12-12T01:47:41","slug":"itabuna-prefeito-manda-para-camara-projeto-para-mudar-regime-de-servidores","status":"publish","type":"post","link":"https:\/\/www.politicosdosuldabahia.com.br\/v1\/2017\/12\/11\/itabuna-prefeito-manda-para-camara-projeto-para-mudar-regime-de-servidores\/","title":{"rendered":"ITABUNA: PREFEITO MANDA PARA C\u00c2MARA PROJETO PARA MUDAR REGIME DE SERVIDORES"},"content":{"rendered":"<p><img loading=\"lazy\" decoding=\"async\" class=\"aligncenter wp-image-97440\" src=\"http:\/\/www.politicosdosuldabahia.com.br\/v1\/wp-content\/uploads\/2017\/09\/nandoooo-768x537.jpg\" alt=\"nandoooo-768x537\" width=\"468\" height=\"327\" \/><\/p>\n<h4 style=\"text-align: justify;\">O prefeito de Itabuna, Fernando Gomes, sem partido, enviou para a c\u00e2mara de vereadores o projeto para mudar o regime jur\u00eddico dos servidores de celetista, ou seja, regido pela Consolida\u00e7\u00e3o das Leis do Trabalho (CLT) para regime jur\u00eddico estatut\u00e1rio.<\/h4>\n<h4 style=\"text-align: justify;\">A prefeitura de Itabuna \u00e9 uma das poucas da Bahia que continua com o regime celetista, por conta disso a mudan\u00e7a tem sido discutida desde 2013. Depois de realizar um estudo o alcaide decidiu elaborar o projeto e enviar para a c\u00e2mara colocar em vota\u00e7\u00e3o.<\/h4>\n<h4 style=\"text-align: justify;\">VEJA ABAIXO A DIFEREN\u00c7A ENTRE OS DOIS REGIMES:<\/h4>\n<h4 style=\"text-align: justify;\">Regime Estatut\u00e1rio<\/h4>\n<h4 style=\"text-align: justify;\">Direitos\/Deveres: Previstos em lei municipal, estadual ou federal. Caracter\u00edsticas: Estabilidade no emprego; aposentadoria com valor integral do sal\u00e1rio (mediante complementa\u00e7\u00e3o de aposentadoria), f\u00e9rias, gratifica\u00e7\u00f5es, licen\u00e7as e adicionais vari\u00e1veis de acordo com a legisla\u00e7\u00e3o espec\u00edfica. Pode aproveitar direitos da CLT.<\/h4>\n<h4 style=\"text-align: justify;\">Regime Celetista<\/h4>\n<h4 style=\"text-align: justify;\">Direitos\/Deveres: Previstos na Consolida\u00e7\u00e3o das Leis do Trabalho. Caracter\u00edsticas: Apesar de n\u00e3o haver estabilidade, as demiss\u00f5es s\u00e3o rara e devem ser justificadas. Os servidores t\u00eam direito ao Fundo de Garantia por Tempo de Servi\u00e7o (FGTS), aviso pr\u00e9vio, multas rescis\u00f3rias, f\u00e9rias, d\u00e9cimo terceiro, vale-transporte e aposentadoria pelo Instituto Nacional de Seguro Social (INSS), que respeita um teto de R$ 3.416,54, entre outros. Muitas empresas estatais, como o Banco do Brasil, oferecem fundos de previd\u00eancia que garantem ganhos superiores ao teto do INSS.<\/h4>\n","protected":false},"excerpt":{"rendered":"<p>O prefeito de Itabuna, Fernando Gomes, sem partido, enviou para a c\u00e2mara de vereadores o projeto para mudar o regime jur\u00eddico dos servidores de celetista, ou seja, regido pela Consolida\u00e7\u00e3o das Leis do Trabalho (CLT) para regime jur\u00eddico estatut\u00e1rio. A prefeitura de Itabuna \u00e9 uma das poucas da Bahia que continua com o regime celetista, [&hellip;]<\/p>\n","protected":false},"author":2,"featured_media":97440,"comment_status":"open","ping_status":"open","sticky":false,"template":"","format":"standard","meta":{"footnotes":"","_links_to":"","_links_to_target":""},"categories":[23,1],"tags":[],"class_list":["post-100449","post","type-post","status-publish","format-standard","has-post-thumbnail","hentry","category-destaque1","category-geral"],"views":3096,"_links":{"self":[{"href":"https:\/\/www.politicosdosuldabahia.com.br\/v1\/wp-json\/wp\/v2\/posts\/100449"}],"collection":[{"href":"https:\/\/www.politicosdosuldabahia.com.br\/v1\/wp-json\/wp\/v2\/posts"}],"about":[{"href":"https:\/\/www.politicosdosuldabahia.com.br\/v1\/wp-json\/wp\/v2\/types\/post"}],"author":[{"embeddable":true,"href":"https:\/\/www.politicosdosuldabahia.com.br\/v1\/wp-json\/wp\/v2\/users\/2"}],"replies":[{"embeddable":true,"href":"https:\/\/www.politicosdosuldabahia.com.br\/v1\/wp-json\/wp\/v2\/comments?post=100449"}],"version-history":[{"count":1,"href":"https:\/\/www.politicosdosuldabahia.com.br\/v1\/wp-json\/wp\/v2\/posts\/100449\/revisions"}],"predecessor-version":[{"id":100450,"href":"https:\/\/www.politicosdosuldabahia.com.br\/v1\/wp-json\/wp\/v2\/posts\/100449\/revisions\/100450"}],"wp:featuredmedia":[{"embeddable":true,"href":"https:\/\/www.politicosdosuldabahia.com.br\/v1\/wp-json\/wp\/v2\/media\/97440"}],"wp:attachment":[{"href":"https:\/\/www.politicosdosuldabahia.com.br\/v1\/wp-json\/wp\/v2\/media?parent=100449"}],"wp:term":[{"taxonomy":"category","embeddable":true,"href":"https:\/\/www.politicosdosuldabahia.com.br\/v1\/wp-json\/wp\/v2\/categories?post=100449"},{"taxonomy":"post_tag","embeddable":true,"href":"https:\/\/www.politicosdosuldabahia.com.br\/v1\/wp-json\/wp\/v2\/tags?post=100449"}],"curies":[{"name":"wp","href":"https:\/\/api.w.org\/{rel}","templated":true}]}}