
{"id":100139,"date":"2017-12-05T10:58:41","date_gmt":"2017-12-05T13:58:41","guid":{"rendered":"http:\/\/www.politicosdosuldabahia.com.br\/v1\/?p=100139"},"modified":"2017-12-05T11:06:57","modified_gmt":"2017-12-05T14:06:57","slug":"barro-preto-ex-prefeita-de-saida-do-pt","status":"publish","type":"post","link":"https:\/\/www.politicosdosuldabahia.com.br\/v1\/2017\/12\/05\/barro-preto-ex-prefeita-de-saida-do-pt\/","title":{"rendered":"BARRO PRETO: EX-PREFEITA DE SA\u00cdDA DO PT"},"content":{"rendered":"<p><img loading=\"lazy\" decoding=\"async\" class=\"aligncenter wp-image-82464\" src=\"http:\/\/www.politicosdosuldabahia.com.br\/v1\/wp-content\/uploads\/2016\/04\/bppp.jpg\" alt=\"bppp\" width=\"500\" height=\"333\" srcset=\"https:\/\/www.politicosdosuldabahia.com.br\/v1\/wp-content\/uploads\/2016\/04\/bppp.jpg 400w, https:\/\/www.politicosdosuldabahia.com.br\/v1\/wp-content\/uploads\/2016\/04\/bppp-300x200.jpg 300w\" sizes=\"(max-width: 500px) 100vw, 500px\" \/><\/p>\n<h4 style=\"text-align: justify;\">O PT de Barro Preto est\u00e1 passando por um momento de tens\u00e3o e a consequ\u00eancia ser\u00e1 a sa\u00edda do partido da ex-prefeita Jaqueline Mota (PT). Como o blog divulgou, foi realizada uma elei\u00e7\u00e3o e a ex-prefeita perdeu o comando do partido para seu ex-secret\u00e1rio, Santana.<\/h4>\n<h4 style=\"text-align: justify;\">O blog manteve contato com a ex-prefeita, e a mesma manifestou sua opini\u00e3o sobre a situa\u00e7\u00e3o:<\/h4>\n<h4 style=\"text-align: justify;\">\u201cEu n\u00e3o fui convidada e nem tinha conhecimento sobre a elei\u00e7\u00e3o do PT de Barro Preto. Para o processo ser honesto e Democr\u00e1tico se convida a todos os filiados para haver escolha do novo diret\u00f3rio, coisa q n\u00e3o houve, que ali\u00e1s Barro Preto n\u00e3o existe Diret\u00f3rio e sim Comiss\u00e3o Provis\u00f3ria, mas mudaram na calada. Infelizmente tem membros no PT que agem dessa maneira.\u201d<\/h4>\n<h4 style=\"text-align: justify;\">Questionada se continuar\u00e1 no PT, a ex-prefeita foi contundente:<\/h4>\n<h4 style=\"text-align: justify;\">\u201cProvavelmente sairei do PT, diante da rasteira, n\u00e3o h\u00e1 condi\u00e7\u00e3o de continuar, mesmo que queira continuar no partido\u201d.<\/h4>\n","protected":false},"excerpt":{"rendered":"<p>O PT de Barro Preto est\u00e1 passando por um momento de tens\u00e3o e a consequ\u00eancia ser\u00e1 a sa\u00edda do partido da ex-prefeita Jaqueline Mota (PT). Como o blog divulgou, foi realizada uma elei\u00e7\u00e3o e a ex-prefeita perdeu o comando do partido para seu ex-secret\u00e1rio, Santana. O blog manteve contato com a ex-prefeita, e a mesma [&hellip;]<\/p>\n","protected":false},"author":2,"featured_media":82464,"comment_status":"open","ping_status":"open","sticky":false,"template":"","format":"standard","meta":{"footnotes":"","_links_to":"","_links_to_target":""},"categories":[25,1],"tags":[],"class_list":["post-100139","post","type-post","status-publish","format-standard","has-post-thumbnail","hentry","category-destaque3","category-geral"],"views":2931,"_links":{"self":[{"href":"https:\/\/www.politicosdosuldabahia.com.br\/v1\/wp-json\/wp\/v2\/posts\/100139"}],"collection":[{"href":"https:\/\/www.politicosdosuldabahia.com.br\/v1\/wp-json\/wp\/v2\/posts"}],"about":[{"href":"https:\/\/www.politicosdosuldabahia.com.br\/v1\/wp-json\/wp\/v2\/types\/post"}],"author":[{"embeddable":true,"href":"https:\/\/www.politicosdosuldabahia.com.br\/v1\/wp-json\/wp\/v2\/users\/2"}],"replies":[{"embeddable":true,"href":"https:\/\/www.politicosdosuldabahia.com.br\/v1\/wp-json\/wp\/v2\/comments?post=100139"}],"version-history":[{"count":1,"href":"https:\/\/www.politicosdosuldabahia.com.br\/v1\/wp-json\/wp\/v2\/posts\/100139\/revisions"}],"predecessor-version":[{"id":100140,"href":"https:\/\/www.politicosdosuldabahia.com.br\/v1\/wp-json\/wp\/v2\/posts\/100139\/revisions\/100140"}],"wp:featuredmedia":[{"embeddable":true,"href":"https:\/\/www.politicosdosuldabahia.com.br\/v1\/wp-json\/wp\/v2\/media\/82464"}],"wp:attachment":[{"href":"https:\/\/www.politicosdosuldabahia.com.br\/v1\/wp-json\/wp\/v2\/media?parent=100139"}],"wp:term":[{"taxonomy":"category","embeddable":true,"href":"https:\/\/www.politicosdosuldabahia.com.br\/v1\/wp-json\/wp\/v2\/categories?post=100139"},{"taxonomy":"post_tag","embeddable":true,"href":"https:\/\/www.politicosdosuldabahia.com.br\/v1\/wp-json\/wp\/v2\/tags?post=100139"}],"curies":[{"name":"wp","href":"https:\/\/api.w.org\/{rel}","templated":true}]}}